{"id":17407,"date":"2025-04-04T17:07:01","date_gmt":"2025-04-04T16:07:01","guid":{"rendered":"https:\/\/fenekrally.com\/?p=17407"},"modified":"2025-04-04T17:07:01","modified_gmt":"2025-04-04T16:07:01","slug":"fenekrally-se-presenta-aqui-esta-la-edicion-de-2025","status":"publish","type":"post","link":"https:\/\/fenekrally.com\/es\/fenekrally-se-presenta-aqui-esta-la-edicion-de-2025\/","title":{"rendered":"FenekRally se presenta: aqu\u00ed est\u00e1 la edici\u00f3n de 2025"},"content":{"rendered":"\n<p><strong><em>Apoyo m\u00e9dico y log\u00edstico, formaci\u00f3n y preparaci\u00f3n de los participantes, colaboraci\u00f3n con las autoridades locales, compromiso con el medio ambiente y seguridad de las comunidades locales son algunas de las prioridades del pr\u00f3ximo FenekRally.<\/em><\/strong><\/p>\n\n\n\n<p>La ciudad de Erfoud, puerta de entrada al desierto del Sahara y a los lugares m\u00e1s c\u00e9lebres del sur de Marruecos, ser\u00e1 la encargada de dar inicio a la und\u00e9cima edici\u00f3n del FenekRally, programada del 15 al 23 de noviembre. El rally-raid organizado por Lluis Rosa y su equipo prev\u00e9 para la edici\u00f3n 2025 un emocionante pr\u00f3logo y cinco etapas desafiantes que se disputar\u00e1n en diferentes tipos de terreno: pistas, arena y dunas, para un recorrido total de m\u00e1s de 1.300 km y entre 5 y 10 horas de conducci\u00f3n diaria.<\/p>\n\n\n\n<p>Las categor\u00edas de veh\u00edculos admitidos en la l\u00ednea de salida se mantienen sin cambios, con motos, SSV, 4&#215;4 y camiones como protagonistas del evento offroad. Entre las modalidades de participaci\u00f3n a las que inscribirse, adem\u00e1s de la \u201crallye\u201d, basada en la navegaci\u00f3n con roadbook y clasificaci\u00f3n cronometrada, y la \u201coverland\u201d, con roadbook pero sin cron\u00f3metro, este a\u00f1o se a\u00f1ade la modalidad \u201cadventure\u201d dedicada a quienes desean acercarse de manera segura y \u201cpaso a paso\u201d al mundo de los rally-raids (con roadbook y\/o trazado GPS o siguiendo a un gu\u00eda cualificado).<br><\/p>\n\n\n\n<p>Para hacer la participaci\u00f3n en el FenekRally a\u00fan m\u00e1s agradable, la organizaci\u00f3n tambi\u00e9n ha previsto importantes mejoras y algunos servicios adicionales dedicados tanto a los participantes como al equipo de asistencia.<\/p>\n\n\n\n<p><\/p>\n\n\n\n<div class=\"wp-block-media-text is-stacked-on-mobile has-border-color has-white-border-color\" style=\"border-width:10px\"><figure class=\"wp-block-media-text__media\"><img fetchpriority=\"high\" decoding=\"async\" width=\"819\" height=\"1024\" src=\"https:\/\/fenekrally.com\/wp-content\/uploads\/2025\/04\/OFFICIAL-MEDICAL-819x1024.png\" alt=\"\" class=\"wp-image-17408 size-full\" srcset=\"https:\/\/fenekrally.com\/wp-content\/uploads\/2025\/04\/OFFICIAL-MEDICAL-819x1024.png 819w, https:\/\/fenekrally.com\/wp-content\/uploads\/2025\/04\/OFFICIAL-MEDICAL-600x750.png 600w, https:\/\/fenekrally.com\/wp-content\/uploads\/2025\/04\/OFFICIAL-MEDICAL-240x300.png 240w, https:\/\/fenekrally.com\/wp-content\/uploads\/2025\/04\/OFFICIAL-MEDICAL-768x960.png 768w, https:\/\/fenekrally.com\/wp-content\/uploads\/2025\/04\/OFFICIAL-MEDICAL.png 1080w\" sizes=\"(max-width: 819px) 100vw, 819px\" \/><\/figure><div class=\"wp-block-media-text__content\">\n<p><strong><em>Apoyo m\u00e9dico<\/em><\/strong><\/p>\n\n\n\n<p>Especialista en asistencia m\u00e9dica para las competiciones de rally-raid, el nuevo equipo m\u00e9dico del FenekRally cuenta con equipos avanzados y gran experiencia en terrenos extremos, para la seguridad de todos los participantes, la asistencia y el propio personal organizador. Junto a este importante servicio estar\u00e1 Ambulance Maroc by Aznag con sus ambulancias 4&#215;4 presentes a lo largo del recorrido del rally-raid, capaces de intervenir en caso de necesidad.<\/p>\n\n\n\n<p><a href=\"https:\/\/fenekrally.com\/es\/equipo-medico\/\">M\u00e1s informaci\u00f3n<\/a><\/p>\n\n\n\n<p><\/p>\n<\/div><\/div>\n\n\n\n<div class=\"wp-block-media-text is-stacked-on-mobile has-border-color has-white-border-color\" style=\"border-width:10px;margin-top:0;margin-right:0;margin-bottom:0;margin-left:0;padding-top:0;padding-right:0;padding-bottom:0;padding-left:0\"><figure class=\"wp-block-media-text__media\"><img decoding=\"async\" width=\"819\" height=\"1024\" src=\"https:\/\/fenekrally.com\/wp-content\/uploads\/2025\/04\/OFFICIAL-HOTEL-819x1024.png\" alt=\"\" class=\"wp-image-17410 size-full\" srcset=\"https:\/\/fenekrally.com\/wp-content\/uploads\/2025\/04\/OFFICIAL-HOTEL-819x1024.png 819w, https:\/\/fenekrally.com\/wp-content\/uploads\/2025\/04\/OFFICIAL-HOTEL-600x750.png 600w, https:\/\/fenekrally.com\/wp-content\/uploads\/2025\/04\/OFFICIAL-HOTEL-240x300.png 240w, https:\/\/fenekrally.com\/wp-content\/uploads\/2025\/04\/OFFICIAL-HOTEL-768x960.png 768w, https:\/\/fenekrally.com\/wp-content\/uploads\/2025\/04\/OFFICIAL-HOTEL.png 1080w\" sizes=\"(max-width: 819px) 100vw, 819px\" \/><\/figure><div class=\"wp-block-media-text__content\">\n<p><strong><em>Log\u00edstica: alojamiento y transporte<\/em><\/strong><\/p>\n\n\n\n<p>Para quienes lo deseen, la organizaci\u00f3n del FenekRally se encargar\u00e1 de facilitar la experiencia en el rally-raid reservando las reservas de transporte (ferry y a\u00e9reo) y alojamiento. Para la edici\u00f3n 2025, la base de apoyo del evento ser\u00e1 el hotel de 4 estrellas Kasbah-Chergui, en Erfoud, a unos 55 km de Erg Chebbi. Aqu\u00ed se encontrar\u00e1n tambi\u00e9n el parque cerrado, la direcci\u00f3n de carrera y la organizaci\u00f3n del rally.<\/p>\n\n\n\n<p><a href=\"https:\/\/fenekrally.com\/es\/alojamiento-y-transporte-en-la-fenekrally\/\">M\u00e1s informaci\u00f3n<\/a><\/p>\n\n\n\n<p><strong><em>Briefing general y seguridad<\/em><\/strong> <\/p>\n\n\n\n<p>Antes del inicio oficial del evento, todos los participantes asistir\u00e1n a un briefing general sobre normativas de seguridad, uso de dispositivos de protecci\u00f3n personal e interpretaci\u00f3n correcta del roadbook. Gracias a rigurosos protocolos, todo el recorrido de la carrera ha sido dise\u00f1ado y planificado cuidadosamente, minimizando cualquier tipo de riesgo.<\/p>\n<\/div><\/div>\n\n\n\n<p><strong><em>Equipos y tecnolog\u00edas de vanguardia<\/em><\/strong><\/p>\n\n\n\n<p>Dependiendo de la categor\u00eda a la que se inscriba, todos los veh\u00edculos admitidos en el FenekRally deber\u00e1n cumplir con requisitos t\u00e9cnicos espec\u00edficos, comenzando por los sistemas de seguridad como el arco de seguridad, cinturones de 4 o 6 puntos y sistemas de extinci\u00f3n de incendios. Los veh\u00edculos tambi\u00e9n estar\u00e1n equipados con instrumentos de seguimiento por sat\u00e9lite para permitir a la direcci\u00f3n de carrera monitorear, en tiempo real, la posici\u00f3n de cada competidor, haciendo que las intervenciones en caso de emergencia sean m\u00e1s inmediatas y eficientes.<\/p>\n\n\n\n<p><strong><em>Implicaci\u00f3n con el medio ambiente y las comunidades locales<\/em><\/strong> <\/p>\n\n\n\n<p>FenekRally no es solo una competencia de motor centrada en la habilidad de conducci\u00f3n y la resistencia, sino tambi\u00e9n un evento donde la adrenalina y la seguridad coexisten de la mejor manera, creando una cita deportiva de relevancia internacional. En este sentido, la organizaci\u00f3n tiene como objetivo el respeto por el medio ambiente natural y las comunidades locales de Marruecos: FenekRally se esfuerza por garantizar que las \u00e1reas protegidas sean respetadas y que los recorridos de la carrera se tracen minimizando el impacto ambiental y social, promoviendo el desarrollo sostenible. La organizaci\u00f3n trabaja, por lo tanto, en estrecha colaboraci\u00f3n con las autoridades locales para garantizar un entorno seguro tanto para los participantes como para los espectadores, cerrando el tr\u00e1fico cuando sea necesario y utilizando se\u00f1alizaci\u00f3n adecuada.<\/p>\n\n\n\n<p><strong><em>Cursos de formaci\u00f3n<\/em><\/strong> <\/p>\n\n\n\n<p>Para quienes lo deseen, FenekRally organizar\u00e1 un curso de navegaci\u00f3n y conducci\u00f3n en las dunas (programado del 12 al 14 de noviembre, con costo) dedicado a quienes participan en el evento o a quienes desean prepararse para otras aventuras offroad. Los dos d\u00edas de formaci\u00f3n, pensados para todos los niveles, desde principiantes hasta pilotos m\u00e1s experimentados, incluyen una parte te\u00f3rica sobre navegaci\u00f3n (roadbook en papel y electr\u00f3nico) y una parte pr\u00e1ctica sobre t\u00e9cnicas de conducci\u00f3n del veh\u00edculo en diferentes tipos de terreno.<\/p>\n\n\n\n<p><a href=\"https:\/\/fenekrally.com\/es\/formacion\/\">M\u00e1s informaci\u00f3n<\/a><\/p>\n\n\n\n<p><strong><em>Equipo de medios<\/em><\/strong> <\/p>\n\n\n\n<p>Un equipo consolidado de profesionales del sector de medios estar\u00e1 presente para narrar los momentos m\u00e1s destacados del FenekRally, garantizando una cobertura period\u00edstica completa, valiosa para revivir, una vez de regreso a casa, las emociones vividas en el campo de competici\u00f3n, pero tambi\u00e9n como un importante apoyo en la b\u00fasqueda de posibles patrocinadores.<\/p>\n\n\n\n<p><a href=\"https:\/\/fenekrally.com\/es\/inscripcion-rally-raid-marruecos\/\">M\u00e1s informaci\u00f3n e inscripci\u00f3n<\/a><\/p>\n\n\n\n<p><\/p>\n","protected":false},"excerpt":{"rendered":"<p>Apoyo m\u00e9dico y log\u00edstico, formaci\u00f3n y preparaci\u00f3n de los participantes, colaboraci\u00f3n con las autoridades locales, compromiso con el medio ambiente y seguridad de las comunidades locales son algunas de las prioridades del pr\u00f3ximo FenekRally. La ciudad de Erfoud, puerta de entrada al desierto del Sahara y a los lugares m\u00e1s c\u00e9lebres del sur de Marruecos, [&hellip;]<\/p>\n","protected":false},"author":5,"featured_media":14931,"comment_status":"closed","ping_status":"closed","sticky":false,"template":"","format":"standard","meta":{"footnotes":""},"categories":[337,144],"tags":[],"class_list":["post-17407","post","type-post","status-publish","format-standard","has-post-thumbnail","hentry","category-carreras-en-desiertos","category-rally-raid-in-morocco"],"yoast_head":"<!-- This site is optimized with the Yoast SEO plugin v27.5 - https:\/\/yoast.com\/product\/yoast-seo-wordpress\/ -->\n<title>FenekRally se presenta: aqu\u00ed est\u00e1 la edici\u00f3n de 2025 - FenekRally<\/title>\n<meta name=\"robots\" content=\"index, follow, max-snippet:-1, max-image-preview:large, max-video-preview:-1\" \/>\n<link rel=\"canonical\" href=\"https:\/\/fenekrally.com\/es\/fenekrally-se-presenta-aqui-esta-la-edicion-de-2025\/\" \/>\n<meta property=\"og:locale\" content=\"es_ES\" \/>\n<meta property=\"og:type\" content=\"article\" \/>\n<meta property=\"og:title\" content=\"FenekRally se presenta: aqu\u00ed est\u00e1 la edici\u00f3n de 2025 - FenekRally\" \/>\n<meta property=\"og:description\" content=\"Apoyo m\u00e9dico y log\u00edstico, formaci\u00f3n y preparaci\u00f3n de los participantes, colaboraci\u00f3n con las autoridades locales, compromiso con el medio ambiente y seguridad de las comunidades locales son algunas de las prioridades del pr\u00f3ximo FenekRally. La ciudad de Erfoud, puerta de entrada al desierto del Sahara y a los lugares m\u00e1s c\u00e9lebres del sur de Marruecos, [&hellip;]\" \/>\n<meta property=\"og:url\" content=\"https:\/\/fenekrally.com\/es\/fenekrally-se-presenta-aqui-esta-la-edicion-de-2025\/\" \/>\n<meta property=\"og:site_name\" content=\"FenekRally\" \/>\n<meta property=\"article:published_time\" content=\"2025-04-04T16:07:01+00:00\" \/>\n<meta property=\"og:image\" content=\"https:\/\/fenekrally.com\/wp-content\/uploads\/2025\/04\/OFFICIAL-MEDICAL.png\" \/>\n\t<meta property=\"og:image:width\" content=\"1080\" \/>\n\t<meta property=\"og:image:height\" content=\"1350\" \/>\n\t<meta property=\"og:image:type\" content=\"image\/png\" \/>\n<meta name=\"author\" content=\"German\" \/>\n<meta name=\"twitter:card\" content=\"summary_large_image\" \/>\n<meta name=\"twitter:label1\" content=\"Escrito por\" \/>\n\t<meta name=\"twitter:data1\" content=\"German\" \/>\n\t<meta name=\"twitter:label2\" content=\"Tiempo de lectura\" \/>\n\t<meta name=\"twitter:data2\" content=\"5 minutos\" \/>\n<script type=\"application\/ld+json\" class=\"yoast-schema-graph\">{\"@context\":\"https:\\\/\\\/schema.org\",\"@graph\":[{\"@type\":\"Article\",\"@id\":\"https:\\\/\\\/fenekrally.com\\\/es\\\/fenekrally-se-presenta-aqui-esta-la-edicion-de-2025\\\/#article\",\"isPartOf\":{\"@id\":\"https:\\\/\\\/fenekrally.com\\\/es\\\/fenekrally-se-presenta-aqui-esta-la-edicion-de-2025\\\/\"},\"author\":{\"name\":\"German\",\"@id\":\"https:\\\/\\\/fenekrally.com\\\/es\\\/#\\\/schema\\\/person\\\/7565d92364b691c5b32aeffe0c1ea779\"},\"headline\":\"FenekRally se presenta: aqu\u00ed est\u00e1 la edici\u00f3n de 2025\",\"datePublished\":\"2025-04-04T16:07:01+00:00\",\"mainEntityOfPage\":{\"@id\":\"https:\\\/\\\/fenekrally.com\\\/es\\\/fenekrally-se-presenta-aqui-esta-la-edicion-de-2025\\\/\"},\"wordCount\":912,\"publisher\":{\"@id\":\"https:\\\/\\\/fenekrally.com\\\/es\\\/#organization\"},\"image\":{\"@id\":\"https:\\\/\\\/fenekrally.com\\\/es\\\/fenekrally-se-presenta-aqui-esta-la-edicion-de-2025\\\/#primaryimage\"},\"thumbnailUrl\":\"https:\\\/\\\/fenekrally.com\\\/wp-content\\\/uploads\\\/2024\\\/12\\\/FENEK24_CUERVO_VC705239-scaled.jpg\",\"articleSection\":[\"Carreras en desiertos\",\"Rally raid in Morocco\"],\"inLanguage\":\"es\"},{\"@type\":\"WebPage\",\"@id\":\"https:\\\/\\\/fenekrally.com\\\/es\\\/fenekrally-se-presenta-aqui-esta-la-edicion-de-2025\\\/\",\"url\":\"https:\\\/\\\/fenekrally.com\\\/es\\\/fenekrally-se-presenta-aqui-esta-la-edicion-de-2025\\\/\",\"name\":\"FenekRally se presenta: aqu\u00ed est\u00e1 la edici\u00f3n de 2025 - FenekRally\",\"isPartOf\":{\"@id\":\"https:\\\/\\\/fenekrally.com\\\/es\\\/#website\"},\"primaryImageOfPage\":{\"@id\":\"https:\\\/\\\/fenekrally.com\\\/es\\\/fenekrally-se-presenta-aqui-esta-la-edicion-de-2025\\\/#primaryimage\"},\"image\":{\"@id\":\"https:\\\/\\\/fenekrally.com\\\/es\\\/fenekrally-se-presenta-aqui-esta-la-edicion-de-2025\\\/#primaryimage\"},\"thumbnailUrl\":\"https:\\\/\\\/fenekrally.com\\\/wp-content\\\/uploads\\\/2024\\\/12\\\/FENEK24_CUERVO_VC705239-scaled.jpg\",\"datePublished\":\"2025-04-04T16:07:01+00:00\",\"inLanguage\":\"es\",\"potentialAction\":[{\"@type\":\"ReadAction\",\"target\":[\"https:\\\/\\\/fenekrally.com\\\/es\\\/fenekrally-se-presenta-aqui-esta-la-edicion-de-2025\\\/\"]}]},{\"@type\":\"ImageObject\",\"inLanguage\":\"es\",\"@id\":\"https:\\\/\\\/fenekrally.com\\\/es\\\/fenekrally-se-presenta-aqui-esta-la-edicion-de-2025\\\/#primaryimage\",\"url\":\"https:\\\/\\\/fenekrally.com\\\/wp-content\\\/uploads\\\/2024\\\/12\\\/FENEK24_CUERVO_VC705239-scaled.jpg\",\"contentUrl\":\"https:\\\/\\\/fenekrally.com\\\/wp-content\\\/uploads\\\/2024\\\/12\\\/FENEK24_CUERVO_VC705239-scaled.jpg\",\"width\":2560,\"height\":1707},{\"@type\":\"WebSite\",\"@id\":\"https:\\\/\\\/fenekrally.com\\\/es\\\/#website\",\"url\":\"https:\\\/\\\/fenekrally.com\\\/es\\\/\",\"name\":\"FenekRally\",\"description\":\"Rally Raid in Morocco\",\"publisher\":{\"@id\":\"https:\\\/\\\/fenekrally.com\\\/es\\\/#organization\"},\"potentialAction\":[{\"@type\":\"SearchAction\",\"target\":{\"@type\":\"EntryPoint\",\"urlTemplate\":\"https:\\\/\\\/fenekrally.com\\\/es\\\/?s={search_term_string}\"},\"query-input\":{\"@type\":\"PropertyValueSpecification\",\"valueRequired\":true,\"valueName\":\"search_term_string\"}}],\"inLanguage\":\"es\"},{\"@type\":\"Organization\",\"@id\":\"https:\\\/\\\/fenekrally.com\\\/es\\\/#organization\",\"name\":\"FenekRally\",\"url\":\"https:\\\/\\\/fenekrally.com\\\/es\\\/\",\"logo\":{\"@type\":\"ImageObject\",\"inLanguage\":\"es\",\"@id\":\"https:\\\/\\\/fenekrally.com\\\/es\\\/#\\\/schema\\\/logo\\\/image\\\/\",\"url\":\"https:\\\/\\\/fenekrally.com\\\/wp-content\\\/uploads\\\/2023\\\/12\\\/rally-raid-marruecos-tunez.png\",\"contentUrl\":\"https:\\\/\\\/fenekrally.com\\\/wp-content\\\/uploads\\\/2023\\\/12\\\/rally-raid-marruecos-tunez.png\",\"width\":198,\"height\":80,\"caption\":\"FenekRally\"},\"image\":{\"@id\":\"https:\\\/\\\/fenekrally.com\\\/es\\\/#\\\/schema\\\/logo\\\/image\\\/\"}},{\"@type\":\"Person\",\"@id\":\"https:\\\/\\\/fenekrally.com\\\/es\\\/#\\\/schema\\\/person\\\/7565d92364b691c5b32aeffe0c1ea779\",\"name\":\"German\",\"image\":{\"@type\":\"ImageObject\",\"inLanguage\":\"es\",\"@id\":\"https:\\\/\\\/fenekrally.com\\\/wp-content\\\/litespeed\\\/avatar\\\/853cd2c0ee146008bb586136c924e4dc.jpg?ver=1777083241\",\"url\":\"https:\\\/\\\/fenekrally.com\\\/wp-content\\\/litespeed\\\/avatar\\\/853cd2c0ee146008bb586136c924e4dc.jpg?ver=1777083241\",\"contentUrl\":\"https:\\\/\\\/fenekrally.com\\\/wp-content\\\/litespeed\\\/avatar\\\/853cd2c0ee146008bb586136c924e4dc.jpg?ver=1777083241\",\"caption\":\"German\"},\"url\":\"https:\\\/\\\/fenekrally.com\\\/es\\\/author\\\/german\\\/\"}]}<\/script>\n<!-- \/ Yoast SEO plugin. -->","yoast_head_json":{"title":"FenekRally se presenta: aqu\u00ed est\u00e1 la edici\u00f3n de 2025 - FenekRally","robots":{"index":"index","follow":"follow","max-snippet":"max-snippet:-1","max-image-preview":"max-image-preview:large","max-video-preview":"max-video-preview:-1"},"canonical":"https:\/\/fenekrally.com\/es\/fenekrally-se-presenta-aqui-esta-la-edicion-de-2025\/","og_locale":"es_ES","og_type":"article","og_title":"FenekRally se presenta: aqu\u00ed est\u00e1 la edici\u00f3n de 2025 - FenekRally","og_description":"Apoyo m\u00e9dico y log\u00edstico, formaci\u00f3n y preparaci\u00f3n de los participantes, colaboraci\u00f3n con las autoridades locales, compromiso con el medio ambiente y seguridad de las comunidades locales son algunas de las prioridades del pr\u00f3ximo FenekRally. La ciudad de Erfoud, puerta de entrada al desierto del Sahara y a los lugares m\u00e1s c\u00e9lebres del sur de Marruecos, [&hellip;]","og_url":"https:\/\/fenekrally.com\/es\/fenekrally-se-presenta-aqui-esta-la-edicion-de-2025\/","og_site_name":"FenekRally","article_published_time":"2025-04-04T16:07:01+00:00","og_image":[{"width":1080,"height":1350,"url":"https:\/\/fenekrally.com\/wp-content\/uploads\/2025\/04\/OFFICIAL-MEDICAL.png","type":"image\/png"}],"author":"German","twitter_card":"summary_large_image","twitter_misc":{"Escrito por":"German","Tiempo de lectura":"5 minutos"},"schema":{"@context":"https:\/\/schema.org","@graph":[{"@type":"Article","@id":"https:\/\/fenekrally.com\/es\/fenekrally-se-presenta-aqui-esta-la-edicion-de-2025\/#article","isPartOf":{"@id":"https:\/\/fenekrally.com\/es\/fenekrally-se-presenta-aqui-esta-la-edicion-de-2025\/"},"author":{"name":"German","@id":"https:\/\/fenekrally.com\/es\/#\/schema\/person\/7565d92364b691c5b32aeffe0c1ea779"},"headline":"FenekRally se presenta: aqu\u00ed est\u00e1 la edici\u00f3n de 2025","datePublished":"2025-04-04T16:07:01+00:00","mainEntityOfPage":{"@id":"https:\/\/fenekrally.com\/es\/fenekrally-se-presenta-aqui-esta-la-edicion-de-2025\/"},"wordCount":912,"publisher":{"@id":"https:\/\/fenekrally.com\/es\/#organization"},"image":{"@id":"https:\/\/fenekrally.com\/es\/fenekrally-se-presenta-aqui-esta-la-edicion-de-2025\/#primaryimage"},"thumbnailUrl":"https:\/\/fenekrally.com\/wp-content\/uploads\/2024\/12\/FENEK24_CUERVO_VC705239-scaled.jpg","articleSection":["Carreras en desiertos","Rally raid in Morocco"],"inLanguage":"es"},{"@type":"WebPage","@id":"https:\/\/fenekrally.com\/es\/fenekrally-se-presenta-aqui-esta-la-edicion-de-2025\/","url":"https:\/\/fenekrally.com\/es\/fenekrally-se-presenta-aqui-esta-la-edicion-de-2025\/","name":"FenekRally se presenta: aqu\u00ed est\u00e1 la edici\u00f3n de 2025 - FenekRally","isPartOf":{"@id":"https:\/\/fenekrally.com\/es\/#website"},"primaryImageOfPage":{"@id":"https:\/\/fenekrally.com\/es\/fenekrally-se-presenta-aqui-esta-la-edicion-de-2025\/#primaryimage"},"image":{"@id":"https:\/\/fenekrally.com\/es\/fenekrally-se-presenta-aqui-esta-la-edicion-de-2025\/#primaryimage"},"thumbnailUrl":"https:\/\/fenekrally.com\/wp-content\/uploads\/2024\/12\/FENEK24_CUERVO_VC705239-scaled.jpg","datePublished":"2025-04-04T16:07:01+00:00","inLanguage":"es","potentialAction":[{"@type":"ReadAction","target":["https:\/\/fenekrally.com\/es\/fenekrally-se-presenta-aqui-esta-la-edicion-de-2025\/"]}]},{"@type":"ImageObject","inLanguage":"es","@id":"https:\/\/fenekrally.com\/es\/fenekrally-se-presenta-aqui-esta-la-edicion-de-2025\/#primaryimage","url":"https:\/\/fenekrally.com\/wp-content\/uploads\/2024\/12\/FENEK24_CUERVO_VC705239-scaled.jpg","contentUrl":"https:\/\/fenekrally.com\/wp-content\/uploads\/2024\/12\/FENEK24_CUERVO_VC705239-scaled.jpg","width":2560,"height":1707},{"@type":"WebSite","@id":"https:\/\/fenekrally.com\/es\/#website","url":"https:\/\/fenekrally.com\/es\/","name":"FenekRally","description":"Rally Raid in Morocco","publisher":{"@id":"https:\/\/fenekrally.com\/es\/#organization"},"potentialAction":[{"@type":"SearchAction","target":{"@type":"EntryPoint","urlTemplate":"https:\/\/fenekrally.com\/es\/?s={search_term_string}"},"query-input":{"@type":"PropertyValueSpecification","valueRequired":true,"valueName":"search_term_string"}}],"inLanguage":"es"},{"@type":"Organization","@id":"https:\/\/fenekrally.com\/es\/#organization","name":"FenekRally","url":"https:\/\/fenekrally.com\/es\/","logo":{"@type":"ImageObject","inLanguage":"es","@id":"https:\/\/fenekrally.com\/es\/#\/schema\/logo\/image\/","url":"https:\/\/fenekrally.com\/wp-content\/uploads\/2023\/12\/rally-raid-marruecos-tunez.png","contentUrl":"https:\/\/fenekrally.com\/wp-content\/uploads\/2023\/12\/rally-raid-marruecos-tunez.png","width":198,"height":80,"caption":"FenekRally"},"image":{"@id":"https:\/\/fenekrally.com\/es\/#\/schema\/logo\/image\/"}},{"@type":"Person","@id":"https:\/\/fenekrally.com\/es\/#\/schema\/person\/7565d92364b691c5b32aeffe0c1ea779","name":"German","image":{"@type":"ImageObject","inLanguage":"es","@id":"https:\/\/fenekrally.com\/wp-content\/litespeed\/avatar\/853cd2c0ee146008bb586136c924e4dc.jpg?ver=1777083241","url":"https:\/\/fenekrally.com\/wp-content\/litespeed\/avatar\/853cd2c0ee146008bb586136c924e4dc.jpg?ver=1777083241","contentUrl":"https:\/\/fenekrally.com\/wp-content\/litespeed\/avatar\/853cd2c0ee146008bb586136c924e4dc.jpg?ver=1777083241","caption":"German"},"url":"https:\/\/fenekrally.com\/es\/author\/german\/"}]}},"_links":{"self":[{"href":"https:\/\/fenekrally.com\/es\/wp-json\/wp\/v2\/posts\/17407","targetHints":{"allow":["GET"]}}],"collection":[{"href":"https:\/\/fenekrally.com\/es\/wp-json\/wp\/v2\/posts"}],"about":[{"href":"https:\/\/fenekrally.com\/es\/wp-json\/wp\/v2\/types\/post"}],"author":[{"embeddable":true,"href":"https:\/\/fenekrally.com\/es\/wp-json\/wp\/v2\/users\/5"}],"replies":[{"embeddable":true,"href":"https:\/\/fenekrally.com\/es\/wp-json\/wp\/v2\/comments?post=17407"}],"version-history":[{"count":0,"href":"https:\/\/fenekrally.com\/es\/wp-json\/wp\/v2\/posts\/17407\/revisions"}],"wp:featuredmedia":[{"embeddable":true,"href":"https:\/\/fenekrally.com\/es\/wp-json\/wp\/v2\/media\/14931"}],"wp:attachment":[{"href":"https:\/\/fenekrally.com\/es\/wp-json\/wp\/v2\/media?parent=17407"}],"wp:term":[{"taxonomy":"category","embeddable":true,"href":"https:\/\/fenekrally.com\/es\/wp-json\/wp\/v2\/categories?post=17407"},{"taxonomy":"post_tag","embeddable":true,"href":"https:\/\/fenekrally.com\/es\/wp-json\/wp\/v2\/tags?post=17407"}],"curies":[{"name":"wp","href":"https:\/\/api.w.org\/{rel}","templated":true}]}}