{"id":20564,"date":"2021-01-18T00:00:00","date_gmt":"2021-01-18T00:00:00","guid":{"rendered":"https:\/\/fenekrally.com\/fenekrally-en-el-dakar-octava-y-novena-etapa\/"},"modified":"2021-01-18T00:00:00","modified_gmt":"2021-01-18T00:00:00","slug":"fenekrally-en-el-dakar-octava-y-novena-etapa","status":"publish","type":"post","link":"https:\/\/fenekrally.com\/es\/fenekrally-en-el-dakar-octava-y-novena-etapa\/","title":{"rendered":"\u00a1FENEKRALLY EN EL DAKAR, OCTAVA Y NOVENA ETAPA!"},"content":{"rendered":"<p>El equipo JalanMarronesFenek logr\u00f3 superar las anteriores etapas incluida una etapa de las dos de marat\u00f3n que tiene el Dakar este a\u00f1o, si superan estas \u00faltimas pruebas estar\u00e1n a m\u00e1s cerca de ser Finishers.<\/p>\n<p>Una <b>etapa marat\u00f3n<\/b>\u00a0se disputa sin ning\u00fan veh\u00edculo de asistencia y sin ning\u00fan miembro del equipo\/asistencia. Los competidores son los \u00fanicos autorizados a intervenir en sus veh\u00edculos; tambi\u00e9n se permite la asistencia entre los pilotos que todav\u00eda siguen en la carrera.<\/p>\n<figure>\n\t\t\t\t\t\t\t\t\t\t<img loading=\"lazy\" decoding=\"async\" width=\"1170\" height=\"779\" src=\"https:\/\/fenekrally.com\/wp-content\/uploads\/2021\/01\/5086545-1536x1023.jpg\" alt=\"\" loading=\"lazy\" srcset=\"https:\/\/fenekrally.com\/wp-content\/uploads\/2021\/01\/5086545-1536x1023.jpg 1536w, https:\/\/fenekrally.com\/wp-content\/uploads\/2021\/01\/5086545-300x200.jpg 300w, https:\/\/fenekrally.com\/wp-content\/uploads\/2021\/01\/5086545-1024x682.jpg 1024w, https:\/\/fenekrally.com\/wp-content\/uploads\/2021\/01\/5086545-768x511.jpg 768w, https:\/\/fenekrally.com\/wp-content\/uploads\/2021\/01\/5086545-2048x1363.jpg 2048w, https:\/\/fenekrally.com\/wp-content\/uploads\/2021\/01\/5086545-370x246.jpg 370w, https:\/\/fenekrally.com\/wp-content\/uploads\/2021\/01\/5086545-736x490.jpg 736w\" sizes=\"auto, (max-width: 1170px) 100vw, 1170px\" \/><figcaption>Cami\u00f3n JalanMarronesFenek<\/figcaption><\/figure>\n<p>\u00a0<\/p>\n<p>Octava\u00a0<b>etapa<\/b><\/p>\n<p>La etapa n\u00famero 8 es la segunda parte de la etapa marat\u00f3n donde no hab\u00eda asistencia externa de ning\u00fan tipo y nuestro equipo ten\u00eda un pist\u00f3n de menos.<\/p>\n<p>JalanMarronesFenek\u00a0ha vuelto a hacer gala de su regularidad para franquear el octavo desaf\u00edo que les ha propuesto la carrera saud\u00ed. En un terreno r\u00e1pido y pedregoso, con 375 km de especial y 334 de enlace desde\u00a0Sakaka\u00a0a\u00a0Neom,<\/p>\n<p>Javier\u00a0Jacoste: \u201cHemos intentado olvidarnos del problema, es algo que nos va a acompa\u00f1ar y no podemos hacer m\u00e1s. Eso s\u00ed, estoy midiendo todos los movimientos que hago al volante para conservar lo mejor posible la mec\u00e1nica\u201d.<\/p>\n<p>El tramo era muy bonito y hemos seguido la ruta sin grandes problemas. En la parte final, de noche y en las dunas, quiz\u00e1 hemos utilizado un poco m\u00e1s de tiempo de lo esperado. Pero estamos contentos por completar un d\u00eda duro. A comentado Jordi\u00a0Celma<\/p>\n<p>La novena edici\u00f3n ser\u00e1 una de las m\u00e1s duras de la edici\u00f3n 2021 del Dakar, la salida tendr\u00e1 lugar en las Orillas del mar Rojo y cada vez se ir\u00e1 complicando m\u00e1s.<\/p>\n<figure>\n\t\t\t\t\t\t\t\t\t\t<img loading=\"lazy\" decoding=\"async\" width=\"1024\" height=\"684\" src=\"https:\/\/fenekrally.com\/wp-content\/uploads\/2021\/01\/5082937-1024x684.jpg\" alt=\"\" loading=\"lazy\" srcset=\"https:\/\/fenekrally.com\/wp-content\/uploads\/2021\/01\/5082937-1024x684.jpg 1024w, https:\/\/fenekrally.com\/wp-content\/uploads\/2021\/01\/5082937-300x200.jpg 300w, https:\/\/fenekrally.com\/wp-content\/uploads\/2021\/01\/5082937-768x513.jpg 768w, https:\/\/fenekrally.com\/wp-content\/uploads\/2021\/01\/5082937-1536x1025.jpg 1536w, https:\/\/fenekrally.com\/wp-content\/uploads\/2021\/01\/5082937-2048x1367.jpg 2048w, https:\/\/fenekrally.com\/wp-content\/uploads\/2021\/01\/5082937-370x247.jpg 370w, https:\/\/fenekrally.com\/wp-content\/uploads\/2021\/01\/5082937-736x491.jpg 736w\" sizes=\"auto, (max-width: 1024px) 100vw, 1024px\" \/><figcaption>Cami\u00f3n JalanMarronesFenek<\/figcaption><\/figure>\n<p>\u00a0<\/p>\n<p>Novena etapa:<\/p>\n<p>No hay d\u00eda tranquilo y sin \u00e9pica para el equipo\u00a0JalanMarronesFenek. Tras superar la etapa marat\u00f3n con el motor de su MAN con un problema en un pist\u00f3n que les obliga a correr con un cilindro menos, nuestro equipo ha de completar la novena especial del Rally Dakar con una aver\u00eda en la caja de cambios de su cami\u00f3n<\/p>\n<p>No lo tendr\u00e1n f\u00e1cil, ya que la novena cronometrada de la cita saud\u00ed la\u00a0sit\u00faan\u00a0como una de las m\u00e1s exigentes de la edici\u00f3n.<\/p>\n<p>Javier\u00a0Jacoste: \u201cHemos sufrido un problema con la caja de cambios al inicio de la etapa. Hemos estado varias horas parados esperando a la asistencia para poder continuar. Est\u00e1 siendo un d\u00eda muy complicado, se prev\u00e9 muy largo\u201d<\/p>\n<p>Los tripulantes del MAN\u00a0n\u00ba524 tras completar duramente la etapa 9 se preparan para los \u00faltimas d\u00edas en la edici\u00f3n del Dakar 2021.<\/p>\n<p>\u00a1A\u00a0descansar!<\/p>\n<p style=\"text-align: start;\">\u00a0<\/p>\n<figure>\n\t\t\t\t\t\t\t\t\t\t<img loading=\"lazy\" decoding=\"async\" width=\"1024\" height=\"682\" src=\"https:\/\/fenekrally.com\/wp-content\/uploads\/2021\/01\/524_dudabairros_084123_31979-1024x682.jpg\" alt=\"\" loading=\"lazy\" srcset=\"https:\/\/fenekrally.com\/wp-content\/uploads\/2021\/01\/524_dudabairros_084123_31979-1024x682.jpg 1024w, https:\/\/fenekrally.com\/wp-content\/uploads\/2021\/01\/524_dudabairros_084123_31979-300x200.jpg 300w, https:\/\/fenekrally.com\/wp-content\/uploads\/2021\/01\/524_dudabairros_084123_31979-768x511.jpg 768w, https:\/\/fenekrally.com\/wp-content\/uploads\/2021\/01\/524_dudabairros_084123_31979-1536x1023.jpg 1536w, https:\/\/fenekrally.com\/wp-content\/uploads\/2021\/01\/524_dudabairros_084123_31979-2048x1363.jpg 2048w, https:\/\/fenekrally.com\/wp-content\/uploads\/2021\/01\/524_dudabairros_084123_31979-370x246.jpg 370w, https:\/\/fenekrally.com\/wp-content\/uploads\/2021\/01\/524_dudabairros_084123_31979-736x490.jpg 736w\" sizes=\"auto, (max-width: 1024px) 100vw, 1024px\" \/><figcaption>Cami\u00f3n JalanMarronesFenek<\/figcaption><\/figure>\n","protected":false},"excerpt":{"rendered":"<p>El equipo JalanMarronesFenek logr\u00f3 superar las anteriores etapas incluida una etapa de las dos de marat\u00f3n que tiene el Dakar este a\u00f1o, si superan estas \u00faltimas pruebas estar\u00e1n a m\u00e1s cerca de ser Finishers. Una etapa marat\u00f3n\u00a0se disputa sin ning\u00fan veh\u00edculo de asistencia y sin ning\u00fan miembro del equipo\/asistencia. Los competidores son los \u00fanicos autorizados [&hellip;]<\/p>\n","protected":false},"author":5,"featured_media":10004,"comment_status":"open","ping_status":"closed","sticky":false,"template":"","format":"standard","meta":{"footnotes":""},"categories":[339],"tags":[258],"class_list":["post-20564","post","type-post","status-publish","format-standard","has-post-thumbnail","hentry","category-sin-categorizar","tag-main-news"],"yoast_head":"<!-- This site is optimized with the Yoast SEO plugin v27.5 - https:\/\/yoast.com\/product\/yoast-seo-wordpress\/ -->\n<title>\u00a1FENEKRALLY EN EL DAKAR, OCTAVA Y NOVENA ETAPA! - FenekRally<\/title>\n<meta name=\"robots\" content=\"index, follow, max-snippet:-1, max-image-preview:large, max-video-preview:-1\" \/>\n<link rel=\"canonical\" href=\"https:\/\/fenekrally.com\/es\/fenekrally-en-el-dakar-octava-y-novena-etapa\/\" \/>\n<meta property=\"og:locale\" content=\"es_ES\" \/>\n<meta property=\"og:type\" content=\"article\" \/>\n<meta property=\"og:title\" content=\"\u00a1FENEKRALLY EN EL DAKAR, OCTAVA Y NOVENA ETAPA! - FenekRally\" \/>\n<meta property=\"og:description\" content=\"El equipo JalanMarronesFenek logr\u00f3 superar las anteriores etapas incluida una etapa de las dos de marat\u00f3n que tiene el Dakar este a\u00f1o, si superan estas \u00faltimas pruebas estar\u00e1n a m\u00e1s cerca de ser Finishers. Una etapa marat\u00f3n\u00a0se disputa sin ning\u00fan veh\u00edculo de asistencia y sin ning\u00fan miembro del equipo\/asistencia. Los competidores son los \u00fanicos autorizados [&hellip;]\" \/>\n<meta property=\"og:url\" content=\"https:\/\/fenekrally.com\/es\/fenekrally-en-el-dakar-octava-y-novena-etapa\/\" \/>\n<meta property=\"og:site_name\" content=\"FenekRally\" \/>\n<meta property=\"article:published_time\" content=\"2021-01-18T00:00:00+00:00\" \/>\n<meta property=\"og:image\" content=\"https:\/\/fenekrally.com\/wp-content\/uploads\/2021\/01\/5086545-1536x1023.jpg\" \/>\n<meta name=\"author\" content=\"German\" \/>\n<meta name=\"twitter:card\" content=\"summary_large_image\" \/>\n<meta name=\"twitter:label1\" content=\"Escrito por\" \/>\n\t<meta name=\"twitter:data1\" content=\"German\" \/>\n\t<meta name=\"twitter:label2\" content=\"Tiempo de lectura\" \/>\n\t<meta name=\"twitter:data2\" content=\"2 minutos\" \/>\n<script type=\"application\/ld+json\" class=\"yoast-schema-graph\">{\"@context\":\"https:\\\/\\\/schema.org\",\"@graph\":[{\"@type\":\"Article\",\"@id\":\"https:\\\/\\\/fenekrally.com\\\/es\\\/fenekrally-en-el-dakar-octava-y-novena-etapa\\\/#article\",\"isPartOf\":{\"@id\":\"https:\\\/\\\/fenekrally.com\\\/es\\\/fenekrally-en-el-dakar-octava-y-novena-etapa\\\/\"},\"author\":{\"name\":\"German\",\"@id\":\"https:\\\/\\\/fenekrally.com\\\/es\\\/#\\\/schema\\\/person\\\/7565d92364b691c5b32aeffe0c1ea779\"},\"headline\":\"\u00a1FENEKRALLY EN EL DAKAR, OCTAVA Y NOVENA ETAPA!\",\"datePublished\":\"2021-01-18T00:00:00+00:00\",\"mainEntityOfPage\":{\"@id\":\"https:\\\/\\\/fenekrally.com\\\/es\\\/fenekrally-en-el-dakar-octava-y-novena-etapa\\\/\"},\"wordCount\":461,\"commentCount\":0,\"publisher\":{\"@id\":\"https:\\\/\\\/fenekrally.com\\\/es\\\/#organization\"},\"image\":{\"@id\":\"https:\\\/\\\/fenekrally.com\\\/es\\\/fenekrally-en-el-dakar-octava-y-novena-etapa\\\/#primaryimage\"},\"thumbnailUrl\":\"https:\\\/\\\/fenekrally.com\\\/wp-content\\\/uploads\\\/2021\\\/01\\\/5082938-scaled.jpg\",\"keywords\":[\"Main news\"],\"articleSection\":[\"Sin categorizar\"],\"inLanguage\":\"es\"},{\"@type\":\"WebPage\",\"@id\":\"https:\\\/\\\/fenekrally.com\\\/es\\\/fenekrally-en-el-dakar-octava-y-novena-etapa\\\/\",\"url\":\"https:\\\/\\\/fenekrally.com\\\/es\\\/fenekrally-en-el-dakar-octava-y-novena-etapa\\\/\",\"name\":\"\u00a1FENEKRALLY EN EL DAKAR, OCTAVA Y NOVENA ETAPA! - FenekRally\",\"isPartOf\":{\"@id\":\"https:\\\/\\\/fenekrally.com\\\/es\\\/#website\"},\"primaryImageOfPage\":{\"@id\":\"https:\\\/\\\/fenekrally.com\\\/es\\\/fenekrally-en-el-dakar-octava-y-novena-etapa\\\/#primaryimage\"},\"image\":{\"@id\":\"https:\\\/\\\/fenekrally.com\\\/es\\\/fenekrally-en-el-dakar-octava-y-novena-etapa\\\/#primaryimage\"},\"thumbnailUrl\":\"https:\\\/\\\/fenekrally.com\\\/wp-content\\\/uploads\\\/2021\\\/01\\\/5082938-scaled.jpg\",\"datePublished\":\"2021-01-18T00:00:00+00:00\",\"inLanguage\":\"es\",\"potentialAction\":[{\"@type\":\"ReadAction\",\"target\":[\"https:\\\/\\\/fenekrally.com\\\/es\\\/fenekrally-en-el-dakar-octava-y-novena-etapa\\\/\"]}]},{\"@type\":\"ImageObject\",\"inLanguage\":\"es\",\"@id\":\"https:\\\/\\\/fenekrally.com\\\/es\\\/fenekrally-en-el-dakar-octava-y-novena-etapa\\\/#primaryimage\",\"url\":\"https:\\\/\\\/fenekrally.com\\\/wp-content\\\/uploads\\\/2021\\\/01\\\/5082938-scaled.jpg\",\"contentUrl\":\"https:\\\/\\\/fenekrally.com\\\/wp-content\\\/uploads\\\/2021\\\/01\\\/5082938-scaled.jpg\",\"width\":2560,\"height\":1709},{\"@type\":\"WebSite\",\"@id\":\"https:\\\/\\\/fenekrally.com\\\/es\\\/#website\",\"url\":\"https:\\\/\\\/fenekrally.com\\\/es\\\/\",\"name\":\"FenekRally\",\"description\":\"Rally Raid in Morocco\",\"publisher\":{\"@id\":\"https:\\\/\\\/fenekrally.com\\\/es\\\/#organization\"},\"potentialAction\":[{\"@type\":\"SearchAction\",\"target\":{\"@type\":\"EntryPoint\",\"urlTemplate\":\"https:\\\/\\\/fenekrally.com\\\/es\\\/?s={search_term_string}\"},\"query-input\":{\"@type\":\"PropertyValueSpecification\",\"valueRequired\":true,\"valueName\":\"search_term_string\"}}],\"inLanguage\":\"es\"},{\"@type\":\"Organization\",\"@id\":\"https:\\\/\\\/fenekrally.com\\\/es\\\/#organization\",\"name\":\"FenekRally\",\"url\":\"https:\\\/\\\/fenekrally.com\\\/es\\\/\",\"logo\":{\"@type\":\"ImageObject\",\"inLanguage\":\"es\",\"@id\":\"https:\\\/\\\/fenekrally.com\\\/es\\\/#\\\/schema\\\/logo\\\/image\\\/\",\"url\":\"https:\\\/\\\/fenekrally.com\\\/wp-content\\\/uploads\\\/2023\\\/12\\\/rally-raid-marruecos-tunez.png\",\"contentUrl\":\"https:\\\/\\\/fenekrally.com\\\/wp-content\\\/uploads\\\/2023\\\/12\\\/rally-raid-marruecos-tunez.png\",\"width\":198,\"height\":80,\"caption\":\"FenekRally\"},\"image\":{\"@id\":\"https:\\\/\\\/fenekrally.com\\\/es\\\/#\\\/schema\\\/logo\\\/image\\\/\"}},{\"@type\":\"Person\",\"@id\":\"https:\\\/\\\/fenekrally.com\\\/es\\\/#\\\/schema\\\/person\\\/7565d92364b691c5b32aeffe0c1ea779\",\"name\":\"German\",\"image\":{\"@type\":\"ImageObject\",\"inLanguage\":\"es\",\"@id\":\"https:\\\/\\\/fenekrally.com\\\/wp-content\\\/litespeed\\\/avatar\\\/853cd2c0ee146008bb586136c924e4dc.jpg?ver=1777688227\",\"url\":\"https:\\\/\\\/fenekrally.com\\\/wp-content\\\/litespeed\\\/avatar\\\/853cd2c0ee146008bb586136c924e4dc.jpg?ver=1777688227\",\"contentUrl\":\"https:\\\/\\\/fenekrally.com\\\/wp-content\\\/litespeed\\\/avatar\\\/853cd2c0ee146008bb586136c924e4dc.jpg?ver=1777688227\",\"caption\":\"German\"},\"url\":\"https:\\\/\\\/fenekrally.com\\\/es\\\/author\\\/german\\\/\"}]}<\/script>\n<!-- \/ Yoast SEO plugin. -->","yoast_head_json":{"title":"\u00a1FENEKRALLY EN EL DAKAR, OCTAVA Y NOVENA ETAPA! - FenekRally","robots":{"index":"index","follow":"follow","max-snippet":"max-snippet:-1","max-image-preview":"max-image-preview:large","max-video-preview":"max-video-preview:-1"},"canonical":"https:\/\/fenekrally.com\/es\/fenekrally-en-el-dakar-octava-y-novena-etapa\/","og_locale":"es_ES","og_type":"article","og_title":"\u00a1FENEKRALLY EN EL DAKAR, OCTAVA Y NOVENA ETAPA! - FenekRally","og_description":"El equipo JalanMarronesFenek logr\u00f3 superar las anteriores etapas incluida una etapa de las dos de marat\u00f3n que tiene el Dakar este a\u00f1o, si superan estas \u00faltimas pruebas estar\u00e1n a m\u00e1s cerca de ser Finishers. Una etapa marat\u00f3n\u00a0se disputa sin ning\u00fan veh\u00edculo de asistencia y sin ning\u00fan miembro del equipo\/asistencia. Los competidores son los \u00fanicos autorizados [&hellip;]","og_url":"https:\/\/fenekrally.com\/es\/fenekrally-en-el-dakar-octava-y-novena-etapa\/","og_site_name":"FenekRally","article_published_time":"2021-01-18T00:00:00+00:00","og_image":[{"url":"https:\/\/fenekrally.com\/wp-content\/uploads\/2021\/01\/5086545-1536x1023.jpg","type":"","width":"","height":""}],"author":"German","twitter_card":"summary_large_image","twitter_misc":{"Escrito por":"German","Tiempo de lectura":"2 minutos"},"schema":{"@context":"https:\/\/schema.org","@graph":[{"@type":"Article","@id":"https:\/\/fenekrally.com\/es\/fenekrally-en-el-dakar-octava-y-novena-etapa\/#article","isPartOf":{"@id":"https:\/\/fenekrally.com\/es\/fenekrally-en-el-dakar-octava-y-novena-etapa\/"},"author":{"name":"German","@id":"https:\/\/fenekrally.com\/es\/#\/schema\/person\/7565d92364b691c5b32aeffe0c1ea779"},"headline":"\u00a1FENEKRALLY EN EL DAKAR, OCTAVA Y NOVENA ETAPA!","datePublished":"2021-01-18T00:00:00+00:00","mainEntityOfPage":{"@id":"https:\/\/fenekrally.com\/es\/fenekrally-en-el-dakar-octava-y-novena-etapa\/"},"wordCount":461,"commentCount":0,"publisher":{"@id":"https:\/\/fenekrally.com\/es\/#organization"},"image":{"@id":"https:\/\/fenekrally.com\/es\/fenekrally-en-el-dakar-octava-y-novena-etapa\/#primaryimage"},"thumbnailUrl":"https:\/\/fenekrally.com\/wp-content\/uploads\/2021\/01\/5082938-scaled.jpg","keywords":["Main news"],"articleSection":["Sin categorizar"],"inLanguage":"es"},{"@type":"WebPage","@id":"https:\/\/fenekrally.com\/es\/fenekrally-en-el-dakar-octava-y-novena-etapa\/","url":"https:\/\/fenekrally.com\/es\/fenekrally-en-el-dakar-octava-y-novena-etapa\/","name":"\u00a1FENEKRALLY EN EL DAKAR, OCTAVA Y NOVENA ETAPA! - FenekRally","isPartOf":{"@id":"https:\/\/fenekrally.com\/es\/#website"},"primaryImageOfPage":{"@id":"https:\/\/fenekrally.com\/es\/fenekrally-en-el-dakar-octava-y-novena-etapa\/#primaryimage"},"image":{"@id":"https:\/\/fenekrally.com\/es\/fenekrally-en-el-dakar-octava-y-novena-etapa\/#primaryimage"},"thumbnailUrl":"https:\/\/fenekrally.com\/wp-content\/uploads\/2021\/01\/5082938-scaled.jpg","datePublished":"2021-01-18T00:00:00+00:00","inLanguage":"es","potentialAction":[{"@type":"ReadAction","target":["https:\/\/fenekrally.com\/es\/fenekrally-en-el-dakar-octava-y-novena-etapa\/"]}]},{"@type":"ImageObject","inLanguage":"es","@id":"https:\/\/fenekrally.com\/es\/fenekrally-en-el-dakar-octava-y-novena-etapa\/#primaryimage","url":"https:\/\/fenekrally.com\/wp-content\/uploads\/2021\/01\/5082938-scaled.jpg","contentUrl":"https:\/\/fenekrally.com\/wp-content\/uploads\/2021\/01\/5082938-scaled.jpg","width":2560,"height":1709},{"@type":"WebSite","@id":"https:\/\/fenekrally.com\/es\/#website","url":"https:\/\/fenekrally.com\/es\/","name":"FenekRally","description":"Rally Raid in Morocco","publisher":{"@id":"https:\/\/fenekrally.com\/es\/#organization"},"potentialAction":[{"@type":"SearchAction","target":{"@type":"EntryPoint","urlTemplate":"https:\/\/fenekrally.com\/es\/?s={search_term_string}"},"query-input":{"@type":"PropertyValueSpecification","valueRequired":true,"valueName":"search_term_string"}}],"inLanguage":"es"},{"@type":"Organization","@id":"https:\/\/fenekrally.com\/es\/#organization","name":"FenekRally","url":"https:\/\/fenekrally.com\/es\/","logo":{"@type":"ImageObject","inLanguage":"es","@id":"https:\/\/fenekrally.com\/es\/#\/schema\/logo\/image\/","url":"https:\/\/fenekrally.com\/wp-content\/uploads\/2023\/12\/rally-raid-marruecos-tunez.png","contentUrl":"https:\/\/fenekrally.com\/wp-content\/uploads\/2023\/12\/rally-raid-marruecos-tunez.png","width":198,"height":80,"caption":"FenekRally"},"image":{"@id":"https:\/\/fenekrally.com\/es\/#\/schema\/logo\/image\/"}},{"@type":"Person","@id":"https:\/\/fenekrally.com\/es\/#\/schema\/person\/7565d92364b691c5b32aeffe0c1ea779","name":"German","image":{"@type":"ImageObject","inLanguage":"es","@id":"https:\/\/fenekrally.com\/wp-content\/litespeed\/avatar\/853cd2c0ee146008bb586136c924e4dc.jpg?ver=1777688227","url":"https:\/\/fenekrally.com\/wp-content\/litespeed\/avatar\/853cd2c0ee146008bb586136c924e4dc.jpg?ver=1777688227","contentUrl":"https:\/\/fenekrally.com\/wp-content\/litespeed\/avatar\/853cd2c0ee146008bb586136c924e4dc.jpg?ver=1777688227","caption":"German"},"url":"https:\/\/fenekrally.com\/es\/author\/german\/"}]}},"_links":{"self":[{"href":"https:\/\/fenekrally.com\/es\/wp-json\/wp\/v2\/posts\/20564","targetHints":{"allow":["GET"]}}],"collection":[{"href":"https:\/\/fenekrally.com\/es\/wp-json\/wp\/v2\/posts"}],"about":[{"href":"https:\/\/fenekrally.com\/es\/wp-json\/wp\/v2\/types\/post"}],"author":[{"embeddable":true,"href":"https:\/\/fenekrally.com\/es\/wp-json\/wp\/v2\/users\/5"}],"replies":[{"embeddable":true,"href":"https:\/\/fenekrally.com\/es\/wp-json\/wp\/v2\/comments?post=20564"}],"version-history":[{"count":0,"href":"https:\/\/fenekrally.com\/es\/wp-json\/wp\/v2\/posts\/20564\/revisions"}],"wp:featuredmedia":[{"embeddable":true,"href":"https:\/\/fenekrally.com\/es\/wp-json\/wp\/v2\/media\/10004"}],"wp:attachment":[{"href":"https:\/\/fenekrally.com\/es\/wp-json\/wp\/v2\/media?parent=20564"}],"wp:term":[{"taxonomy":"category","embeddable":true,"href":"https:\/\/fenekrally.com\/es\/wp-json\/wp\/v2\/categories?post=20564"},{"taxonomy":"post_tag","embeddable":true,"href":"https:\/\/fenekrally.com\/es\/wp-json\/wp\/v2\/tags?post=20564"}],"curies":[{"name":"wp","href":"https:\/\/api.w.org\/{rel}","templated":true}]}}