{"id":23315,"date":"2026-04-27T17:57:48","date_gmt":"2026-04-27T16:57:48","guid":{"rendered":"https:\/\/fenekrally.com\/?p=23315"},"modified":"2026-04-27T18:13:41","modified_gmt":"2026-04-27T17:13:41","slug":"dunas-y-solidaridad-los-massoutier-en-el-fenekrally-spring-2026","status":"publish","type":"post","link":"https:\/\/fenekrally.com\/es\/dunas-y-solidaridad-los-massoutier-en-el-fenekrally-spring-2026\/","title":{"rendered":"Dunas y solidaridad: los Massoutier en el FenekRally Spring 2026"},"content":{"rendered":"\n<h2 class=\"wp-block-heading\">Virginie y Pascal en el desierto de Marruecos con su Toyota HDJ100 para una misi\u00f3n solidaria<\/h2>\n\n\n\n<p>Hay historias que van m\u00e1s all\u00e1 de la simple pasi\u00f3n por el off-road. Historias que hablan de<br>complicidad y de desaf\u00edo, pero tambi\u00e9n de valores profundos. Es el caso de Virginie y<br>Pascal Massoutier, matrimonio franc\u00e9s de Lagrave, en el departamento de Tarn en<br>Occitania, listos para participar en el FenekRally Spring Edition de mayo, en la categor\u00eda<br>4&#215;4 Overland.<\/p>\n\n\n\n<p><br>Ella, de 54 a\u00f1os, investigadora jurada, y \u00e9l, de 58, empresario del sector de la<br>construcci\u00f3n, no son nuevos en el mundo de los rally-raid en el desierto. Ya han<br>compartido experiencias importantes como la W\u2019Oman &amp; Man Aventura Cup (en dos<br>ocasiones), construyendo con el tiempo una s\u00f3lida compenetraci\u00f3n, dentro y fuera del<br>habit\u00e1culo. Virginie tambi\u00e9n ha participado en el Troph\u00e9e Roses des Andes 2017 (Bolivia<br>y Chile), en la Mongolie Aventura Cup 2018 y en el Troph\u00e9e Roses des Sables 2022 en<br>Marruecos.<\/p>\n\n\n\n<figure class=\"wp-block-image size-large\"><img fetchpriority=\"high\" decoding=\"async\" width=\"1024\" height=\"602\" src=\"https:\/\/fenekrally.com\/wp-content\/uploads\/2026\/04\/Toyota-HDJ100-Massoutier-1024x602.jpg\" alt=\"\" class=\"wp-image-23316\" srcset=\"https:\/\/fenekrally.com\/wp-content\/uploads\/2026\/04\/Toyota-HDJ100-Massoutier-1024x602.jpg 1024w, https:\/\/fenekrally.com\/wp-content\/uploads\/2026\/04\/Toyota-HDJ100-Massoutier-300x176.jpg 300w, https:\/\/fenekrally.com\/wp-content\/uploads\/2026\/04\/Toyota-HDJ100-Massoutier-768x451.jpg 768w, https:\/\/fenekrally.com\/wp-content\/uploads\/2026\/04\/Toyota-HDJ100-Massoutier-1536x902.jpg 1536w, https:\/\/fenekrally.com\/wp-content\/uploads\/2026\/04\/Toyota-HDJ100-Massoutier-2048x1203.jpg 2048w, https:\/\/fenekrally.com\/wp-content\/uploads\/2026\/04\/Toyota-HDJ100-Massoutier-600x352.jpg 600w\" sizes=\"(max-width: 1024px) 100vw, 1024px\" \/><\/figure>\n\n\n\n<p><br>\u201cBusc\u00e1bamos una aventura diferente a las anteriores, con una organizaci\u00f3n distinta. La<br>f\u00f3rmula en margarita del FenekRally nos conquist\u00f3 -cuentan- Y adem\u00e1s esperamos<br>encontrarnos con otros equipos con la misma mentalidad, con quienes compartir veladas,<br>experiencias y esta gran pasi\u00f3n por el 4&#215;4\u201d.<\/p>\n\n\n\n<p>Su enfoque es sencillo pero eficaz, basado en la colaboraci\u00f3n y la escucha mutua.<br>Durante la carrera no existen roles r\u00edgidos: \u201cNos alternamos seg\u00fan el terreno: Pascal<br>disfruta especialmente en las dunas\u2026 \u00a1as\u00ed que ah\u00ed el volante es todo suyo!\u201d dice Virginie<br>con una sonrisa. Tambi\u00e9n la estrategia refleja su esp\u00edritu: \u201cNo salir sin reflexionar\u2026 \u00a1pero<br>sobre todo divertirse!\u201d. Un equilibrio entre prudencia y placer de la aventura que<br>representa perfectamente la filosof\u00eda Overland.<br>Su fiel Toyota HDJ100, apodado cari\u00f1osamente \u201cTabanas\u201d, ser\u00e1 el encargado de llevarlos<br>entre las dunas. \u201cSe ha convertido en parte de la familia -explican- Para el rally le hemos<br>hecho una revisi\u00f3n completa con nuestro mec\u00e1nico de confianza, controlando cada<br>detalle para afrontar las etapas del desierto con tranquilidad. No hemos querido<\/p>\n\n\n\n<p>modificarlo en exceso, porque ya es un veh\u00edculo extremadamente fiable y perfectamente<br>preparado para este tipo de aventuras\u201d.<br>Pero para el Team Massou Family (#601) esto no es solo una competici\u00f3n deportiva.<br>Tambi\u00e9n es un proyecto solidario, una forma de dar valor a cada kil\u00f3metro recorrido.<br>\u201cHemos decidido vincular esta participaci\u00f3n a un objetivo humanitario muy importante<br>para nosotros -contin\u00faan- Por cada kil\u00f3metro de prueba especial completado, se donar\u00e1 1<br>euro a la asociaci\u00f3n \u20181313, Le marathon de Laurie\u2019. Es una forma de transformar la<br>carrera en algo que va m\u00e1s all\u00e1 de nosotros mismos, de encontrar una motivaci\u00f3n a\u00fan<br>m\u00e1s fuerte en los momentos dif\u00edciles y llegar hasta el final con un significado m\u00e1s<br>profundo\u201d.<br><br>Detr\u00e1s de este compromiso est\u00e1 la historia de Laurie, una joven fallecida a los 21 a\u00f1os<br>tras 1313 largu\u00edsimos d\u00edas de lucha contra un grave c\u00e1ncer. \u201cLaurie es una presencia que<br>sigue inspir\u00e1ndonos -relatan con emoci\u00f3n los Massoutier- Su coraje, su fuerza y la forma<br>en que afront\u00f3 la enfermedad son para nosotros un ejemplo constante. Queremos<br>mantener vivo su recuerdo, pero tambi\u00e9n transformarlo en ayuda concreta para otros\u201d.<br>Los fondos recaudados se destinan a centros como el Oncopole Claudius Regaud de<br>Toulouse y la asociaci\u00f3n Oscar\u2019s Angels, que acompa\u00f1aron a Laurie durante su proceso<br>con cuidado y humanidad. Desde 2018, Virginie y Pascal forman parte activa de esta<br>iniciativa, que ha crecido a\u00f1o tras a\u00f1o gracias a la participaci\u00f3n de cada vez m\u00e1s equipos<br>y simpatizantes.<br><br>Entre arena, navegaci\u00f3n y esp\u00edritu de equipo, su presencia en el FenekRally Spring ir\u00e1<br>m\u00e1s all\u00e1 de la simple carrera: ser\u00e1 un viaje lleno de emoci\u00f3n y conciencia, donde cada<br>etapa se convierte en una pieza de una historia m\u00e1s grande. \u201cLo importante es llegar\u2026<br>pero sobre todo vivir cada instante\u201d concluyen Virginie y Pascal.<\/p>\n","protected":false},"excerpt":{"rendered":"<p>Virginie y Pascal en el desierto de Marruecos con su Toyota HDJ100 para una misi\u00f3n solidaria Hay historias que van m\u00e1s all\u00e1 de la simple pasi\u00f3n por el off-road. Historias que hablan decomplicidad y de desaf\u00edo, pero tambi\u00e9n de valores profundos. Es el caso de Virginie yPascal Massoutier, matrimonio franc\u00e9s de Lagrave, en el departamento [&hellip;]<\/p>\n","protected":false},"author":5,"featured_media":23317,"comment_status":"closed","ping_status":"closed","sticky":false,"template":"","format":"standard","meta":{"footnotes":""},"categories":[296,342,349],"tags":[],"class_list":["post-23315","post","type-post","status-publish","format-standard","has-post-thumbnail","hentry","category-4x4","category-4x4-fr","category-4x4-it"],"yoast_head":"<!-- This site is optimized with the Yoast SEO plugin v27.4 - https:\/\/yoast.com\/product\/yoast-seo-wordpress\/ -->\n<title>Dunas y solidaridad: los Massoutier en el FenekRally Spring 2026 - FenekRally<\/title>\n<meta name=\"robots\" content=\"index, follow, max-snippet:-1, max-image-preview:large, max-video-preview:-1\" \/>\n<link rel=\"canonical\" href=\"https:\/\/fenekrally.com\/es\/dunas-y-solidaridad-los-massoutier-en-el-fenekrally-spring-2026\/\" \/>\n<meta property=\"og:locale\" content=\"es_ES\" \/>\n<meta property=\"og:type\" content=\"article\" \/>\n<meta property=\"og:title\" content=\"Dunas y solidaridad: los Massoutier en el FenekRally Spring 2026 - FenekRally\" \/>\n<meta property=\"og:description\" content=\"Virginie y Pascal en el desierto de Marruecos con su Toyota HDJ100 para una misi\u00f3n solidaria Hay historias que van m\u00e1s all\u00e1 de la simple pasi\u00f3n por el off-road. Historias que hablan decomplicidad y de desaf\u00edo, pero tambi\u00e9n de valores profundos. Es el caso de Virginie yPascal Massoutier, matrimonio franc\u00e9s de Lagrave, en el departamento [&hellip;]\" \/>\n<meta property=\"og:url\" content=\"https:\/\/fenekrally.com\/es\/dunas-y-solidaridad-los-massoutier-en-el-fenekrally-spring-2026\/\" \/>\n<meta property=\"og:site_name\" content=\"FenekRally\" \/>\n<meta property=\"article:published_time\" content=\"2026-04-27T16:57:48+00:00\" \/>\n<meta property=\"article:modified_time\" content=\"2026-04-27T17:13:41+00:00\" \/>\n<meta property=\"og:image\" content=\"https:\/\/fenekrally.com\/wp-content\/uploads\/2026\/04\/Toyota-HDJ100_Massoutier.jpg\" \/>\n\t<meta property=\"og:image:width\" content=\"2540\" \/>\n\t<meta property=\"og:image:height\" content=\"1600\" \/>\n\t<meta property=\"og:image:type\" content=\"image\/jpeg\" \/>\n<meta name=\"author\" content=\"German\" \/>\n<meta name=\"twitter:card\" content=\"summary_large_image\" \/>\n<meta name=\"twitter:label1\" content=\"Escrito por\" \/>\n\t<meta name=\"twitter:data1\" content=\"German\" \/>\n\t<meta name=\"twitter:label2\" content=\"Tiempo de lectura\" \/>\n\t<meta name=\"twitter:data2\" content=\"4 minutos\" \/>\n<script type=\"application\/ld+json\" class=\"yoast-schema-graph\">{\"@context\":\"https:\\\/\\\/schema.org\",\"@graph\":[{\"@type\":\"Article\",\"@id\":\"https:\\\/\\\/fenekrally.com\\\/es\\\/dunas-y-solidaridad-los-massoutier-en-el-fenekrally-spring-2026\\\/#article\",\"isPartOf\":{\"@id\":\"https:\\\/\\\/fenekrally.com\\\/es\\\/dunas-y-solidaridad-los-massoutier-en-el-fenekrally-spring-2026\\\/\"},\"author\":{\"name\":\"German\",\"@id\":\"https:\\\/\\\/fenekrally.com\\\/es\\\/#\\\/schema\\\/person\\\/7565d92364b691c5b32aeffe0c1ea779\"},\"headline\":\"Dunas y solidaridad: los Massoutier en el FenekRally Spring 2026\",\"datePublished\":\"2026-04-27T16:57:48+00:00\",\"dateModified\":\"2026-04-27T17:13:41+00:00\",\"mainEntityOfPage\":{\"@id\":\"https:\\\/\\\/fenekrally.com\\\/es\\\/dunas-y-solidaridad-los-massoutier-en-el-fenekrally-spring-2026\\\/\"},\"wordCount\":658,\"publisher\":{\"@id\":\"https:\\\/\\\/fenekrally.com\\\/es\\\/#organization\"},\"image\":{\"@id\":\"https:\\\/\\\/fenekrally.com\\\/es\\\/dunas-y-solidaridad-los-massoutier-en-el-fenekrally-spring-2026\\\/#primaryimage\"},\"thumbnailUrl\":\"https:\\\/\\\/fenekrally.com\\\/wp-content\\\/uploads\\\/2026\\\/04\\\/Toyota-HDJ100_Massoutier.jpg\",\"articleSection\":[\"4x4\",\"4x4\",\"4x4\"],\"inLanguage\":\"es\"},{\"@type\":\"WebPage\",\"@id\":\"https:\\\/\\\/fenekrally.com\\\/es\\\/dunas-y-solidaridad-los-massoutier-en-el-fenekrally-spring-2026\\\/\",\"url\":\"https:\\\/\\\/fenekrally.com\\\/es\\\/dunas-y-solidaridad-los-massoutier-en-el-fenekrally-spring-2026\\\/\",\"name\":\"Dunas y solidaridad: los Massoutier en el FenekRally Spring 2026 - FenekRally\",\"isPartOf\":{\"@id\":\"https:\\\/\\\/fenekrally.com\\\/es\\\/#website\"},\"primaryImageOfPage\":{\"@id\":\"https:\\\/\\\/fenekrally.com\\\/es\\\/dunas-y-solidaridad-los-massoutier-en-el-fenekrally-spring-2026\\\/#primaryimage\"},\"image\":{\"@id\":\"https:\\\/\\\/fenekrally.com\\\/es\\\/dunas-y-solidaridad-los-massoutier-en-el-fenekrally-spring-2026\\\/#primaryimage\"},\"thumbnailUrl\":\"https:\\\/\\\/fenekrally.com\\\/wp-content\\\/uploads\\\/2026\\\/04\\\/Toyota-HDJ100_Massoutier.jpg\",\"datePublished\":\"2026-04-27T16:57:48+00:00\",\"dateModified\":\"2026-04-27T17:13:41+00:00\",\"inLanguage\":\"es\",\"potentialAction\":[{\"@type\":\"ReadAction\",\"target\":[\"https:\\\/\\\/fenekrally.com\\\/es\\\/dunas-y-solidaridad-los-massoutier-en-el-fenekrally-spring-2026\\\/\"]}]},{\"@type\":\"ImageObject\",\"inLanguage\":\"es\",\"@id\":\"https:\\\/\\\/fenekrally.com\\\/es\\\/dunas-y-solidaridad-los-massoutier-en-el-fenekrally-spring-2026\\\/#primaryimage\",\"url\":\"https:\\\/\\\/fenekrally.com\\\/wp-content\\\/uploads\\\/2026\\\/04\\\/Toyota-HDJ100_Massoutier.jpg\",\"contentUrl\":\"https:\\\/\\\/fenekrally.com\\\/wp-content\\\/uploads\\\/2026\\\/04\\\/Toyota-HDJ100_Massoutier.jpg\",\"width\":2540,\"height\":1600,\"caption\":\"Screenshot\"},{\"@type\":\"WebSite\",\"@id\":\"https:\\\/\\\/fenekrally.com\\\/es\\\/#website\",\"url\":\"https:\\\/\\\/fenekrally.com\\\/es\\\/\",\"name\":\"FenekRally\",\"description\":\"Rally Raid in Morocco\",\"publisher\":{\"@id\":\"https:\\\/\\\/fenekrally.com\\\/es\\\/#organization\"},\"potentialAction\":[{\"@type\":\"SearchAction\",\"target\":{\"@type\":\"EntryPoint\",\"urlTemplate\":\"https:\\\/\\\/fenekrally.com\\\/es\\\/?s={search_term_string}\"},\"query-input\":{\"@type\":\"PropertyValueSpecification\",\"valueRequired\":true,\"valueName\":\"search_term_string\"}}],\"inLanguage\":\"es\"},{\"@type\":\"Organization\",\"@id\":\"https:\\\/\\\/fenekrally.com\\\/es\\\/#organization\",\"name\":\"FenekRally\",\"url\":\"https:\\\/\\\/fenekrally.com\\\/es\\\/\",\"logo\":{\"@type\":\"ImageObject\",\"inLanguage\":\"es\",\"@id\":\"https:\\\/\\\/fenekrally.com\\\/es\\\/#\\\/schema\\\/logo\\\/image\\\/\",\"url\":\"https:\\\/\\\/fenekrally.com\\\/wp-content\\\/uploads\\\/2023\\\/12\\\/rally-raid-marruecos-tunez.png\",\"contentUrl\":\"https:\\\/\\\/fenekrally.com\\\/wp-content\\\/uploads\\\/2023\\\/12\\\/rally-raid-marruecos-tunez.png\",\"width\":198,\"height\":80,\"caption\":\"FenekRally\"},\"image\":{\"@id\":\"https:\\\/\\\/fenekrally.com\\\/es\\\/#\\\/schema\\\/logo\\\/image\\\/\"}},{\"@type\":\"Person\",\"@id\":\"https:\\\/\\\/fenekrally.com\\\/es\\\/#\\\/schema\\\/person\\\/7565d92364b691c5b32aeffe0c1ea779\",\"name\":\"German\",\"image\":{\"@type\":\"ImageObject\",\"inLanguage\":\"es\",\"@id\":\"https:\\\/\\\/fenekrally.com\\\/wp-content\\\/litespeed\\\/avatar\\\/853cd2c0ee146008bb586136c924e4dc.jpg?ver=1777083241\",\"url\":\"https:\\\/\\\/fenekrally.com\\\/wp-content\\\/litespeed\\\/avatar\\\/853cd2c0ee146008bb586136c924e4dc.jpg?ver=1777083241\",\"contentUrl\":\"https:\\\/\\\/fenekrally.com\\\/wp-content\\\/litespeed\\\/avatar\\\/853cd2c0ee146008bb586136c924e4dc.jpg?ver=1777083241\",\"caption\":\"German\"},\"url\":\"https:\\\/\\\/fenekrally.com\\\/es\\\/author\\\/german\\\/\"}]}<\/script>\n<!-- \/ Yoast SEO plugin. -->","yoast_head_json":{"title":"Dunas y solidaridad: los Massoutier en el FenekRally Spring 2026 - FenekRally","robots":{"index":"index","follow":"follow","max-snippet":"max-snippet:-1","max-image-preview":"max-image-preview:large","max-video-preview":"max-video-preview:-1"},"canonical":"https:\/\/fenekrally.com\/es\/dunas-y-solidaridad-los-massoutier-en-el-fenekrally-spring-2026\/","og_locale":"es_ES","og_type":"article","og_title":"Dunas y solidaridad: los Massoutier en el FenekRally Spring 2026 - FenekRally","og_description":"Virginie y Pascal en el desierto de Marruecos con su Toyota HDJ100 para una misi\u00f3n solidaria Hay historias que van m\u00e1s all\u00e1 de la simple pasi\u00f3n por el off-road. Historias que hablan decomplicidad y de desaf\u00edo, pero tambi\u00e9n de valores profundos. Es el caso de Virginie yPascal Massoutier, matrimonio franc\u00e9s de Lagrave, en el departamento [&hellip;]","og_url":"https:\/\/fenekrally.com\/es\/dunas-y-solidaridad-los-massoutier-en-el-fenekrally-spring-2026\/","og_site_name":"FenekRally","article_published_time":"2026-04-27T16:57:48+00:00","article_modified_time":"2026-04-27T17:13:41+00:00","og_image":[{"width":2540,"height":1600,"url":"https:\/\/fenekrally.com\/wp-content\/uploads\/2026\/04\/Toyota-HDJ100_Massoutier.jpg","type":"image\/jpeg"}],"author":"German","twitter_card":"summary_large_image","twitter_misc":{"Escrito por":"German","Tiempo de lectura":"4 minutos"},"schema":{"@context":"https:\/\/schema.org","@graph":[{"@type":"Article","@id":"https:\/\/fenekrally.com\/es\/dunas-y-solidaridad-los-massoutier-en-el-fenekrally-spring-2026\/#article","isPartOf":{"@id":"https:\/\/fenekrally.com\/es\/dunas-y-solidaridad-los-massoutier-en-el-fenekrally-spring-2026\/"},"author":{"name":"German","@id":"https:\/\/fenekrally.com\/es\/#\/schema\/person\/7565d92364b691c5b32aeffe0c1ea779"},"headline":"Dunas y solidaridad: los Massoutier en el FenekRally Spring 2026","datePublished":"2026-04-27T16:57:48+00:00","dateModified":"2026-04-27T17:13:41+00:00","mainEntityOfPage":{"@id":"https:\/\/fenekrally.com\/es\/dunas-y-solidaridad-los-massoutier-en-el-fenekrally-spring-2026\/"},"wordCount":658,"publisher":{"@id":"https:\/\/fenekrally.com\/es\/#organization"},"image":{"@id":"https:\/\/fenekrally.com\/es\/dunas-y-solidaridad-los-massoutier-en-el-fenekrally-spring-2026\/#primaryimage"},"thumbnailUrl":"https:\/\/fenekrally.com\/wp-content\/uploads\/2026\/04\/Toyota-HDJ100_Massoutier.jpg","articleSection":["4x4","4x4","4x4"],"inLanguage":"es"},{"@type":"WebPage","@id":"https:\/\/fenekrally.com\/es\/dunas-y-solidaridad-los-massoutier-en-el-fenekrally-spring-2026\/","url":"https:\/\/fenekrally.com\/es\/dunas-y-solidaridad-los-massoutier-en-el-fenekrally-spring-2026\/","name":"Dunas y solidaridad: los Massoutier en el FenekRally Spring 2026 - FenekRally","isPartOf":{"@id":"https:\/\/fenekrally.com\/es\/#website"},"primaryImageOfPage":{"@id":"https:\/\/fenekrally.com\/es\/dunas-y-solidaridad-los-massoutier-en-el-fenekrally-spring-2026\/#primaryimage"},"image":{"@id":"https:\/\/fenekrally.com\/es\/dunas-y-solidaridad-los-massoutier-en-el-fenekrally-spring-2026\/#primaryimage"},"thumbnailUrl":"https:\/\/fenekrally.com\/wp-content\/uploads\/2026\/04\/Toyota-HDJ100_Massoutier.jpg","datePublished":"2026-04-27T16:57:48+00:00","dateModified":"2026-04-27T17:13:41+00:00","inLanguage":"es","potentialAction":[{"@type":"ReadAction","target":["https:\/\/fenekrally.com\/es\/dunas-y-solidaridad-los-massoutier-en-el-fenekrally-spring-2026\/"]}]},{"@type":"ImageObject","inLanguage":"es","@id":"https:\/\/fenekrally.com\/es\/dunas-y-solidaridad-los-massoutier-en-el-fenekrally-spring-2026\/#primaryimage","url":"https:\/\/fenekrally.com\/wp-content\/uploads\/2026\/04\/Toyota-HDJ100_Massoutier.jpg","contentUrl":"https:\/\/fenekrally.com\/wp-content\/uploads\/2026\/04\/Toyota-HDJ100_Massoutier.jpg","width":2540,"height":1600,"caption":"Screenshot"},{"@type":"WebSite","@id":"https:\/\/fenekrally.com\/es\/#website","url":"https:\/\/fenekrally.com\/es\/","name":"FenekRally","description":"Rally Raid in Morocco","publisher":{"@id":"https:\/\/fenekrally.com\/es\/#organization"},"potentialAction":[{"@type":"SearchAction","target":{"@type":"EntryPoint","urlTemplate":"https:\/\/fenekrally.com\/es\/?s={search_term_string}"},"query-input":{"@type":"PropertyValueSpecification","valueRequired":true,"valueName":"search_term_string"}}],"inLanguage":"es"},{"@type":"Organization","@id":"https:\/\/fenekrally.com\/es\/#organization","name":"FenekRally","url":"https:\/\/fenekrally.com\/es\/","logo":{"@type":"ImageObject","inLanguage":"es","@id":"https:\/\/fenekrally.com\/es\/#\/schema\/logo\/image\/","url":"https:\/\/fenekrally.com\/wp-content\/uploads\/2023\/12\/rally-raid-marruecos-tunez.png","contentUrl":"https:\/\/fenekrally.com\/wp-content\/uploads\/2023\/12\/rally-raid-marruecos-tunez.png","width":198,"height":80,"caption":"FenekRally"},"image":{"@id":"https:\/\/fenekrally.com\/es\/#\/schema\/logo\/image\/"}},{"@type":"Person","@id":"https:\/\/fenekrally.com\/es\/#\/schema\/person\/7565d92364b691c5b32aeffe0c1ea779","name":"German","image":{"@type":"ImageObject","inLanguage":"es","@id":"https:\/\/fenekrally.com\/wp-content\/litespeed\/avatar\/853cd2c0ee146008bb586136c924e4dc.jpg?ver=1777083241","url":"https:\/\/fenekrally.com\/wp-content\/litespeed\/avatar\/853cd2c0ee146008bb586136c924e4dc.jpg?ver=1777083241","contentUrl":"https:\/\/fenekrally.com\/wp-content\/litespeed\/avatar\/853cd2c0ee146008bb586136c924e4dc.jpg?ver=1777083241","caption":"German"},"url":"https:\/\/fenekrally.com\/es\/author\/german\/"}]}},"_links":{"self":[{"href":"https:\/\/fenekrally.com\/es\/wp-json\/wp\/v2\/posts\/23315","targetHints":{"allow":["GET"]}}],"collection":[{"href":"https:\/\/fenekrally.com\/es\/wp-json\/wp\/v2\/posts"}],"about":[{"href":"https:\/\/fenekrally.com\/es\/wp-json\/wp\/v2\/types\/post"}],"author":[{"embeddable":true,"href":"https:\/\/fenekrally.com\/es\/wp-json\/wp\/v2\/users\/5"}],"replies":[{"embeddable":true,"href":"https:\/\/fenekrally.com\/es\/wp-json\/wp\/v2\/comments?post=23315"}],"version-history":[{"count":4,"href":"https:\/\/fenekrally.com\/es\/wp-json\/wp\/v2\/posts\/23315\/revisions"}],"predecessor-version":[{"id":23345,"href":"https:\/\/fenekrally.com\/es\/wp-json\/wp\/v2\/posts\/23315\/revisions\/23345"}],"wp:featuredmedia":[{"embeddable":true,"href":"https:\/\/fenekrally.com\/es\/wp-json\/wp\/v2\/media\/23317"}],"wp:attachment":[{"href":"https:\/\/fenekrally.com\/es\/wp-json\/wp\/v2\/media?parent=23315"}],"wp:term":[{"taxonomy":"category","embeddable":true,"href":"https:\/\/fenekrally.com\/es\/wp-json\/wp\/v2\/categories?post=23315"},{"taxonomy":"post_tag","embeddable":true,"href":"https:\/\/fenekrally.com\/es\/wp-json\/wp\/v2\/tags?post=23315"}],"curies":[{"name":"wp","href":"https:\/\/api.w.org\/{rel}","templated":true}]}}