{"id":12527,"date":"2023-12-11T22:59:32","date_gmt":"2023-12-11T21:59:32","guid":{"rendered":"https:\/\/fenekrally.com\/?p=12527"},"modified":"2023-12-11T22:59:32","modified_gmt":"2023-12-11T21:59:32","slug":"fenekrally-maroc-edition-2018","status":"publish","type":"post","link":"https:\/\/fenekrally.com\/fr\/fenekrally-maroc-edition-2018\/","title":{"rendered":"FenekRally Maroc \u00c9dition 2018"},"content":{"rendered":"\t\t<div data-elementor-type=\"wp-post\" data-elementor-id=\"12527\" class=\"elementor elementor-12527 elementor-10698\" data-elementor-post-type=\"post\">\n\t\t\t\t\t\t<section class=\"elementor-section elementor-top-section elementor-element elementor-element-0d17851 elementor-section-boxed elementor-section-height-default elementor-section-height-default\" data-id=\"0d17851\" data-element_type=\"section\" data-e-type=\"section\">\n\t\t\t\t\t\t<div class=\"elementor-container elementor-column-gap-extended\">\n\t\t\t\t\t<div class=\"elementor-column elementor-col-100 elementor-top-column elementor-element elementor-element-f4840c9\" data-id=\"f4840c9\" data-element_type=\"column\" data-e-type=\"column\">\n\t\t\t<div class=\"elementor-widget-wrap elementor-element-populated\">\n\t\t\t\t\t\t<div class=\"elementor-element elementor-element-7687c91 elementor-widget elementor-widget-text-editor\" data-id=\"7687c91\" data-element_type=\"widget\" data-e-type=\"widget\" data-widget_type=\"text-editor.default\">\n\t\t\t\t<div class=\"elementor-widget-container\">\n\t\t\t\t\t\t\t\t\t<p>Les gagnants du FENEK RALLY &#8211; Maroc Edition &#8211; 2018 sont:<\/p><p>1er &#8211; Dorsale # 33: Eduard Vivancos &#8211; Ramon Castelltort<br \/>2e &#8211; Dorsale # 36: Xavier Batlle &#8211; Natalia Nogueira<br \/>3e &#8211; Dorsale # 37: Josep Carbonell &#8211; Isabel Casta\u00f1\u00e9<\/p><p>F\u00e9licitations aux champions!<\/p><p>A bient\u00f4t dans la prochaine \u00e9dition, cette fois en Tunisie!<\/p><p>FENEKRALLY, la course des dunes!<br \/>Tu vas le perdre?<\/p>\t\t\t\t\t\t\t\t<\/div>\n\t\t\t\t<\/div>\n\t\t\t\t\t<\/div>\n\t\t<\/div>\n\t\t\t\t\t<\/div>\n\t\t<\/section>\n\t\t\t\t<\/div>\n\t\t","protected":false},"excerpt":{"rendered":"<p>Les gagnants du FENEK RALLY &#8211; Maroc Edition &#8211; 2018 sont: 1er &#8211; Dorsale # 33: Eduard Vivancos &#8211; Ramon Castelltort2e &#8211; Dorsale # 36: Xavier Batlle &#8211; Natalia Nogueira3e &#8211; Dorsale # 37: Josep Carbonell &#8211; Isabel Casta\u00f1\u00e9 F\u00e9licitations aux champions! A bient\u00f4t dans la prochaine \u00e9dition, cette fois en Tunisie! FENEKRALLY, la course [&hellip;]<\/p>\n","protected":false},"author":5,"featured_media":4976,"comment_status":"open","ping_status":"closed","sticky":false,"template":"","format":"standard","meta":{"footnotes":""},"categories":[144,146],"tags":[],"class_list":["post-12527","post","type-post","status-publish","format-standard","has-post-thumbnail","hentry","category-rally-raid-in-morocco","category-rally-raid-in-tunisia"],"yoast_head":"<!-- This site is optimized with the Yoast SEO plugin v27.5 - https:\/\/yoast.com\/product\/yoast-seo-wordpress\/ -->\n<title>FenekRally Maroc \u00c9dition 2018 - FenekRally<\/title>\n<meta name=\"robots\" content=\"index, follow, max-snippet:-1, max-image-preview:large, max-video-preview:-1\" \/>\n<link rel=\"canonical\" href=\"https:\/\/fenekrally.com\/fr\/fenekrally-maroc-edition-2018\/\" \/>\n<meta property=\"og:locale\" content=\"fr_FR\" \/>\n<meta property=\"og:type\" content=\"article\" \/>\n<meta property=\"og:title\" content=\"FenekRally Maroc \u00c9dition 2018 - FenekRally\" \/>\n<meta property=\"og:description\" content=\"Les gagnants du FENEK RALLY &#8211; Maroc Edition &#8211; 2018 sont: 1er &#8211; Dorsale # 33: Eduard Vivancos &#8211; Ramon Castelltort2e &#8211; Dorsale # 36: Xavier Batlle &#8211; Natalia Nogueira3e &#8211; Dorsale # 37: Josep Carbonell &#8211; Isabel Casta\u00f1\u00e9 F\u00e9licitations aux champions! A bient\u00f4t dans la prochaine \u00e9dition, cette fois en Tunisie! FENEKRALLY, la course [&hellip;]\" \/>\n<meta property=\"og:url\" content=\"https:\/\/fenekrally.com\/fr\/fenekrally-maroc-edition-2018\/\" \/>\n<meta property=\"og:site_name\" content=\"FenekRally\" \/>\n<meta property=\"article:published_time\" content=\"2023-12-11T21:59:32+00:00\" \/>\n<meta name=\"author\" content=\"German\" \/>\n<meta name=\"twitter:card\" content=\"summary_large_image\" \/>\n<meta name=\"twitter:label1\" content=\"\u00c9crit par\" \/>\n\t<meta name=\"twitter:data1\" content=\"German\" \/>\n<script type=\"application\/ld+json\" class=\"yoast-schema-graph\">{\"@context\":\"https:\\\/\\\/schema.org\",\"@graph\":[{\"@type\":\"Article\",\"@id\":\"https:\\\/\\\/fenekrally.com\\\/fr\\\/fenekrally-maroc-edition-2018\\\/#article\",\"isPartOf\":{\"@id\":\"https:\\\/\\\/fenekrally.com\\\/fr\\\/fenekrally-maroc-edition-2018\\\/\"},\"author\":{\"name\":\"German\",\"@id\":\"https:\\\/\\\/fenekrally.com\\\/fr\\\/#\\\/schema\\\/person\\\/7565d92364b691c5b32aeffe0c1ea779\"},\"headline\":\"FenekRally Maroc \u00c9dition 2018\",\"datePublished\":\"2023-12-11T21:59:32+00:00\",\"mainEntityOfPage\":{\"@id\":\"https:\\\/\\\/fenekrally.com\\\/fr\\\/fenekrally-maroc-edition-2018\\\/\"},\"wordCount\":61,\"commentCount\":0,\"image\":{\"@id\":\"https:\\\/\\\/fenekrally.com\\\/fr\\\/fenekrally-maroc-edition-2018\\\/#primaryimage\"},\"thumbnailUrl\":\"https:\\\/\\\/fenekrally.com\\\/wp-content\\\/uploads\\\/2018\\\/06\\\/rally-raid-tunisia-4x4-quad-buggy-ssv-moto-5.jpg\",\"articleSection\":[\"Rally raid in Morocco\",\"Rally Raid in Tunisia\"],\"inLanguage\":\"fr-FR\"},{\"@type\":\"WebPage\",\"@id\":\"https:\\\/\\\/fenekrally.com\\\/fr\\\/fenekrally-maroc-edition-2018\\\/\",\"url\":\"https:\\\/\\\/fenekrally.com\\\/fr\\\/fenekrally-maroc-edition-2018\\\/\",\"name\":\"FenekRally Maroc \u00c9dition 2018 - FenekRally\",\"isPartOf\":{\"@id\":\"https:\\\/\\\/fenekrally.com\\\/fr\\\/#website\"},\"primaryImageOfPage\":{\"@id\":\"https:\\\/\\\/fenekrally.com\\\/fr\\\/fenekrally-maroc-edition-2018\\\/#primaryimage\"},\"image\":{\"@id\":\"https:\\\/\\\/fenekrally.com\\\/fr\\\/fenekrally-maroc-edition-2018\\\/#primaryimage\"},\"thumbnailUrl\":\"https:\\\/\\\/fenekrally.com\\\/wp-content\\\/uploads\\\/2018\\\/06\\\/rally-raid-tunisia-4x4-quad-buggy-ssv-moto-5.jpg\",\"datePublished\":\"2023-12-11T21:59:32+00:00\",\"author\":{\"@id\":\"https:\\\/\\\/fenekrally.com\\\/fr\\\/#\\\/schema\\\/person\\\/7565d92364b691c5b32aeffe0c1ea779\"},\"inLanguage\":\"fr-FR\",\"potentialAction\":[{\"@type\":\"ReadAction\",\"target\":[\"https:\\\/\\\/fenekrally.com\\\/fr\\\/fenekrally-maroc-edition-2018\\\/\"]}]},{\"@type\":\"ImageObject\",\"inLanguage\":\"fr-FR\",\"@id\":\"https:\\\/\\\/fenekrally.com\\\/fr\\\/fenekrally-maroc-edition-2018\\\/#primaryimage\",\"url\":\"https:\\\/\\\/fenekrally.com\\\/wp-content\\\/uploads\\\/2018\\\/06\\\/rally-raid-tunisia-4x4-quad-buggy-ssv-moto-5.jpg\",\"contentUrl\":\"https:\\\/\\\/fenekrally.com\\\/wp-content\\\/uploads\\\/2018\\\/06\\\/rally-raid-tunisia-4x4-quad-buggy-ssv-moto-5.jpg\",\"width\":945,\"height\":756,\"caption\":\"rally raid Marruecos T\u00fanez 4x4 Moto Quad Buggy SSV\"},{\"@type\":\"WebSite\",\"@id\":\"https:\\\/\\\/fenekrally.com\\\/fr\\\/#website\",\"url\":\"https:\\\/\\\/fenekrally.com\\\/fr\\\/\",\"name\":\"FenekRally\",\"description\":\"Rally Raid in Morocco\",\"potentialAction\":[{\"@type\":\"SearchAction\",\"target\":{\"@type\":\"EntryPoint\",\"urlTemplate\":\"https:\\\/\\\/fenekrally.com\\\/fr\\\/?s={search_term_string}\"},\"query-input\":{\"@type\":\"PropertyValueSpecification\",\"valueRequired\":true,\"valueName\":\"search_term_string\"}}],\"inLanguage\":\"fr-FR\"},{\"@type\":\"Person\",\"@id\":\"https:\\\/\\\/fenekrally.com\\\/fr\\\/#\\\/schema\\\/person\\\/7565d92364b691c5b32aeffe0c1ea779\",\"name\":\"German\",\"image\":{\"@type\":\"ImageObject\",\"inLanguage\":\"fr-FR\",\"@id\":\"https:\\\/\\\/fenekrally.com\\\/wp-content\\\/litespeed\\\/avatar\\\/853cd2c0ee146008bb586136c924e4dc.jpg?ver=1777083241\",\"url\":\"https:\\\/\\\/fenekrally.com\\\/wp-content\\\/litespeed\\\/avatar\\\/853cd2c0ee146008bb586136c924e4dc.jpg?ver=1777083241\",\"contentUrl\":\"https:\\\/\\\/fenekrally.com\\\/wp-content\\\/litespeed\\\/avatar\\\/853cd2c0ee146008bb586136c924e4dc.jpg?ver=1777083241\",\"caption\":\"German\"},\"url\":\"https:\\\/\\\/fenekrally.com\\\/fr\\\/author\\\/german\\\/\"}]}<\/script>\n<!-- \/ Yoast SEO plugin. -->","yoast_head_json":{"title":"FenekRally Maroc \u00c9dition 2018 - FenekRally","robots":{"index":"index","follow":"follow","max-snippet":"max-snippet:-1","max-image-preview":"max-image-preview:large","max-video-preview":"max-video-preview:-1"},"canonical":"https:\/\/fenekrally.com\/fr\/fenekrally-maroc-edition-2018\/","og_locale":"fr_FR","og_type":"article","og_title":"FenekRally Maroc \u00c9dition 2018 - FenekRally","og_description":"Les gagnants du FENEK RALLY &#8211; Maroc Edition &#8211; 2018 sont: 1er &#8211; Dorsale # 33: Eduard Vivancos &#8211; Ramon Castelltort2e &#8211; Dorsale # 36: Xavier Batlle &#8211; Natalia Nogueira3e &#8211; Dorsale # 37: Josep Carbonell &#8211; Isabel Casta\u00f1\u00e9 F\u00e9licitations aux champions! A bient\u00f4t dans la prochaine \u00e9dition, cette fois en Tunisie! FENEKRALLY, la course [&hellip;]","og_url":"https:\/\/fenekrally.com\/fr\/fenekrally-maroc-edition-2018\/","og_site_name":"FenekRally","article_published_time":"2023-12-11T21:59:32+00:00","author":"German","twitter_card":"summary_large_image","twitter_misc":{"\u00c9crit par":"German"},"schema":{"@context":"https:\/\/schema.org","@graph":[{"@type":"Article","@id":"https:\/\/fenekrally.com\/fr\/fenekrally-maroc-edition-2018\/#article","isPartOf":{"@id":"https:\/\/fenekrally.com\/fr\/fenekrally-maroc-edition-2018\/"},"author":{"name":"German","@id":"https:\/\/fenekrally.com\/fr\/#\/schema\/person\/7565d92364b691c5b32aeffe0c1ea779"},"headline":"FenekRally Maroc \u00c9dition 2018","datePublished":"2023-12-11T21:59:32+00:00","mainEntityOfPage":{"@id":"https:\/\/fenekrally.com\/fr\/fenekrally-maroc-edition-2018\/"},"wordCount":61,"commentCount":0,"image":{"@id":"https:\/\/fenekrally.com\/fr\/fenekrally-maroc-edition-2018\/#primaryimage"},"thumbnailUrl":"https:\/\/fenekrally.com\/wp-content\/uploads\/2018\/06\/rally-raid-tunisia-4x4-quad-buggy-ssv-moto-5.jpg","articleSection":["Rally raid in Morocco","Rally Raid in Tunisia"],"inLanguage":"fr-FR"},{"@type":"WebPage","@id":"https:\/\/fenekrally.com\/fr\/fenekrally-maroc-edition-2018\/","url":"https:\/\/fenekrally.com\/fr\/fenekrally-maroc-edition-2018\/","name":"FenekRally Maroc \u00c9dition 2018 - FenekRally","isPartOf":{"@id":"https:\/\/fenekrally.com\/fr\/#website"},"primaryImageOfPage":{"@id":"https:\/\/fenekrally.com\/fr\/fenekrally-maroc-edition-2018\/#primaryimage"},"image":{"@id":"https:\/\/fenekrally.com\/fr\/fenekrally-maroc-edition-2018\/#primaryimage"},"thumbnailUrl":"https:\/\/fenekrally.com\/wp-content\/uploads\/2018\/06\/rally-raid-tunisia-4x4-quad-buggy-ssv-moto-5.jpg","datePublished":"2023-12-11T21:59:32+00:00","author":{"@id":"https:\/\/fenekrally.com\/fr\/#\/schema\/person\/7565d92364b691c5b32aeffe0c1ea779"},"inLanguage":"fr-FR","potentialAction":[{"@type":"ReadAction","target":["https:\/\/fenekrally.com\/fr\/fenekrally-maroc-edition-2018\/"]}]},{"@type":"ImageObject","inLanguage":"fr-FR","@id":"https:\/\/fenekrally.com\/fr\/fenekrally-maroc-edition-2018\/#primaryimage","url":"https:\/\/fenekrally.com\/wp-content\/uploads\/2018\/06\/rally-raid-tunisia-4x4-quad-buggy-ssv-moto-5.jpg","contentUrl":"https:\/\/fenekrally.com\/wp-content\/uploads\/2018\/06\/rally-raid-tunisia-4x4-quad-buggy-ssv-moto-5.jpg","width":945,"height":756,"caption":"rally raid Marruecos T\u00fanez 4x4 Moto Quad Buggy SSV"},{"@type":"WebSite","@id":"https:\/\/fenekrally.com\/fr\/#website","url":"https:\/\/fenekrally.com\/fr\/","name":"FenekRally","description":"Rally Raid in Morocco","potentialAction":[{"@type":"SearchAction","target":{"@type":"EntryPoint","urlTemplate":"https:\/\/fenekrally.com\/fr\/?s={search_term_string}"},"query-input":{"@type":"PropertyValueSpecification","valueRequired":true,"valueName":"search_term_string"}}],"inLanguage":"fr-FR"},{"@type":"Person","@id":"https:\/\/fenekrally.com\/fr\/#\/schema\/person\/7565d92364b691c5b32aeffe0c1ea779","name":"German","image":{"@type":"ImageObject","inLanguage":"fr-FR","@id":"https:\/\/fenekrally.com\/wp-content\/litespeed\/avatar\/853cd2c0ee146008bb586136c924e4dc.jpg?ver=1777083241","url":"https:\/\/fenekrally.com\/wp-content\/litespeed\/avatar\/853cd2c0ee146008bb586136c924e4dc.jpg?ver=1777083241","contentUrl":"https:\/\/fenekrally.com\/wp-content\/litespeed\/avatar\/853cd2c0ee146008bb586136c924e4dc.jpg?ver=1777083241","caption":"German"},"url":"https:\/\/fenekrally.com\/fr\/author\/german\/"}]}},"_links":{"self":[{"href":"https:\/\/fenekrally.com\/fr\/wp-json\/wp\/v2\/posts\/12527","targetHints":{"allow":["GET"]}}],"collection":[{"href":"https:\/\/fenekrally.com\/fr\/wp-json\/wp\/v2\/posts"}],"about":[{"href":"https:\/\/fenekrally.com\/fr\/wp-json\/wp\/v2\/types\/post"}],"author":[{"embeddable":true,"href":"https:\/\/fenekrally.com\/fr\/wp-json\/wp\/v2\/users\/5"}],"replies":[{"embeddable":true,"href":"https:\/\/fenekrally.com\/fr\/wp-json\/wp\/v2\/comments?post=12527"}],"version-history":[{"count":0,"href":"https:\/\/fenekrally.com\/fr\/wp-json\/wp\/v2\/posts\/12527\/revisions"}],"wp:featuredmedia":[{"embeddable":true,"href":"https:\/\/fenekrally.com\/fr\/wp-json\/wp\/v2\/media\/4976"}],"wp:attachment":[{"href":"https:\/\/fenekrally.com\/fr\/wp-json\/wp\/v2\/media?parent=12527"}],"wp:term":[{"taxonomy":"category","embeddable":true,"href":"https:\/\/fenekrally.com\/fr\/wp-json\/wp\/v2\/categories?post=12527"},{"taxonomy":"post_tag","embeddable":true,"href":"https:\/\/fenekrally.com\/fr\/wp-json\/wp\/v2\/tags?post=12527"}],"curies":[{"name":"wp","href":"https:\/\/api.w.org\/{rel}","templated":true}]}}