{"id":23328,"date":"2026-04-27T17:57:48","date_gmt":"2026-04-27T16:57:48","guid":{"rendered":"https:\/\/fenekrally.com\/dunas-y-solidaridad-los-massoutier-en-el-fenekrally-spring-2026\/"},"modified":"2026-04-27T18:17:25","modified_gmt":"2026-04-27T17:17:25","slug":"dunas-y-solidaridad-los-massoutier-en-el-fenekrally-spring-2026","status":"publish","type":"post","link":"https:\/\/fenekrally.com\/fr\/dunas-y-solidaridad-los-massoutier-en-el-fenekrally-spring-2026\/","title":{"rendered":"Dunes et solidarit\u00e9: les Massoutier au FenekRally Spring 2026"},"content":{"rendered":"\n<h2 class=\"wp-block-heading\">Virginie et Pascal dans le d\u00e9sert du Maroc avec leur Toyota HDJ100 pour une<br\/>mission solidaire<\/h2>\n\n<p>Il existe des histoires qui vont bien au-del\u00e0 de la simple passion pour l\u2019off-road. Des<br\/>histoires qui parlent de complicit\u00e9 et de d\u00e9fi, mais aussi de valeurs profondes. C\u2019est le cas<br\/>de Virginie et Pascal Massoutier, couple fran\u00e7ais originaire de Lagrave, dans le<br\/>d\u00e9partement du Tarn en Occitanie, pr\u00eats \u00e0 participer au FenekRally Spring Edition de mai,<br\/>en cat\u00e9gorie 4&#215;4 Overland.  <\/p>\n\n<p><br\/>Elle, 54 ans, enqu\u00eatrice asserment\u00e9e, et lui, 58 ans, entrepreneur dans le secteur du<br\/>b\u00e2timent, ne sont pas nouveaux dans l\u2019univers des rallyes-raid dans le d\u00e9sert. Ils ont d\u00e9j\u00e0<br\/>partag\u00e9 des exp\u00e9riences importantes comme la W\u2019Oman &amp; Man Aventura Cup (\u00e0 deux<br\/>reprises), construisant au fil du temps une solide complicit\u00e9, dans et hors de l\u2019habitacle.<br\/>Virginie a \u00e9galement particip\u00e9 au Troph\u00e9e Roses des Andes 2017 (Bolivie et Chili), \u00e0 la<br\/>Mongolie Aventura Cup 2018 et au Troph\u00e9e Roses des Sables 2022 au Maroc.  <\/p>\n\n<figure class=\"wp-block-image size-large\"><img fetchpriority=\"high\" decoding=\"async\" width=\"1024\" height=\"602\" src=\"https:\/\/fenekrally.com\/wp-content\/uploads\/2026\/04\/Toyota-HDJ100-Massoutier-1024x602.jpg\" alt=\"\" class=\"wp-image-23316\" srcset=\"https:\/\/fenekrally.com\/wp-content\/uploads\/2026\/04\/Toyota-HDJ100-Massoutier-1024x602.jpg 1024w, https:\/\/fenekrally.com\/wp-content\/uploads\/2026\/04\/Toyota-HDJ100-Massoutier-300x176.jpg 300w, https:\/\/fenekrally.com\/wp-content\/uploads\/2026\/04\/Toyota-HDJ100-Massoutier-768x451.jpg 768w, https:\/\/fenekrally.com\/wp-content\/uploads\/2026\/04\/Toyota-HDJ100-Massoutier-1536x902.jpg 1536w, https:\/\/fenekrally.com\/wp-content\/uploads\/2026\/04\/Toyota-HDJ100-Massoutier-2048x1203.jpg 2048w, https:\/\/fenekrally.com\/wp-content\/uploads\/2026\/04\/Toyota-HDJ100-Massoutier-600x352.jpg 600w\" sizes=\"(max-width: 1024px) 100vw, 1024px\" \/><\/figure>\n\n<p><br\/>\u201cNous cherchions une aventure diff\u00e9rente des pr\u00e9c\u00e9dentes, avec une organisation<br\/>diff\u00e9rente. La formule en \u201cmarguerite\u201d du FenekRally nous a conquis -racontent-ils- Et<br\/>nous esp\u00e9rons aussi rencontrer d\u2019autres \u00e9quipages avec la m\u00eame mentalit\u00e9, avec qui<br\/>partager des soir\u00e9es, des exp\u00e9riences et cette grande passion du 4&#215;4\u201d. <\/p>\n\n<p>Leur approche est simple mais efficace, fond\u00e9e sur la collaboration et l\u2019\u00e9coute mutuelle.<br\/>Pendant la course, il n\u2019existe pas de r\u00f4les fig\u00e9s: \u201cNous nous relayons selon le terrain:<br\/>Pascal s\u2019amuse dans les dunes\u2026 donc l\u00e0, le volant est enti\u00e8rement pour lui !\u201d dit Virginie<br\/>avec le sourire. La strat\u00e9gie refl\u00e8te \u00e9galement leur esprit: \u201cNe pas partir sans r\u00e9fl\u00e9chir\u2026<br\/>mais surtout s\u2019amuser!\u201d. Un \u00e9quilibre entre prudence et plaisir de l\u2019aventure qui repr\u00e9sente<br\/>parfaitement la philosophie Overland.<br\/>C\u2019est leur fid\u00e8le Toyota HDJ100, affectueusement surnomm\u00e9 \u201cTabanas\u201d, qui les m\u00e8nera \u00e0<br\/>travers les dunes. \u201cIl est devenu un membre de la famille -expliquent-ils- Pour le rallye,<br\/>nous avons effectu\u00e9 un check-up complet chez notre m\u00e9canicien de confiance, en<br\/>v\u00e9rifiant chaque d\u00e9tail pour affronter les \u00e9tapes du d\u00e9sert en toute s\u00e9r\u00e9nit\u00e9. Nous n\u2019avons<br\/>pas voulu le modifier en profondeur, car c\u2019est d\u00e9j\u00e0 un v\u00e9hicule extr\u00eamement fiable et<br\/>parfaitement pr\u00e9par\u00e9 pour ce type d\u2019aventure\u201d.   <\/p>\n\n<p>Mais pour le Team Massou Family (#601), il ne s\u2019agit pas seulement d\u2019une comp\u00e9tition<br\/>sportive. C\u2019est aussi un projet solidaire, une mani\u00e8re de donner du sens \u00e0 chaque<br\/>kilom\u00e8tre parcouru. \u201cNous avons d\u00e9cid\u00e9 de lier cette participation \u00e0 un objectif humanitaire<br\/>tr\u00e8s important pour nous -poursuivent-ils- Pour chaque kilom\u00e8tre de sp\u00e9ciale parcouru, 1<br\/>euro sera revers\u00e9 \u00e0 l\u2019association \u20181313, Le marathon de Laurie\u2019. C\u2019est une fa\u00e7on de<br\/>transformer la course en quelque chose qui nous d\u00e9passe, de trouver une motivation<br\/>encore plus forte dans les moments difficiles et d\u2019aller jusqu\u2019au bout avec un sens plus<br\/>profond\u201d. <br\/><br\/>Derri\u00e8re cet engagement se trouve l\u2019histoire de Laurie, une jeune fille disparue \u00e0<br\/>seulement 21 ans apr\u00e8s 1313 longs jours de combat contre un grave cancer. \u201cLaurie est<br\/>une pr\u00e9sence qui continue de nous inspirer -racontent avec \u00e9motion les Massoutier- Son<br\/>courage, sa force et la mani\u00e8re dont elle a affront\u00e9 la maladie sont pour nous un exemple<br\/>constant. Nous voulons en garder la m\u00e9moire vivante, mais aussi la transformer en aide<br\/>concr\u00e8te pour les autres\u201d.<br\/>Les fonds collect\u00e9s sont destin\u00e9s \u00e0 des structures comme l\u2019Oncopole Claudius Regaud de<br\/>Toulouse et l\u2019association Oscar\u2019s Angels, qui ont accompagn\u00e9 Laurie tout au long de son<br\/>parcours avec soin et humanit\u00e9. Depuis 2018, Virginie et Pascal sont des acteurs engag\u00e9s<br\/>de cette initiative, qui grandit chaque ann\u00e9e gr\u00e2ce \u00e0 la participation de toujours plus<br\/>d\u2019\u00e9quipages et de soutiens.   <br\/><br\/>Entre arena, navegaci\u00f3n y esp\u00edritu de equipo, su presencia en el FenekRally Spring ir\u00e1<br\/>m\u00e1s all\u00e1 de la simple carrera: ser\u00e1 un viaje lleno de emoci\u00f3n y conciencia, donde cada<br\/>etapa se convierte en una pieza de una historia m\u00e1s grande. \u201cLo importante es llegar\u2026<br\/>pero sobre todo vivir cada instante\u201d concluyen Virginie y Pascal. <\/p>\n","protected":false},"excerpt":{"rendered":"<p>Virginie et Pascal dans le d\u00e9sert du Maroc avec leur Toyota HDJ100 pour unemission solidaire Il existe des histoires qui vont bien au-del\u00e0 de la simple passion pour l\u2019off-road. Deshistoires qui parlent de complicit\u00e9 et de d\u00e9fi, mais aussi de valeurs profondes. C\u2019est le casde Virginie et Pascal Massoutier, couple fran\u00e7ais originaire de Lagrave, dans [&hellip;]<\/p>\n","protected":false},"author":5,"featured_media":23330,"comment_status":"closed","ping_status":"closed","sticky":false,"template":"","format":"standard","meta":{"footnotes":""},"categories":[375,378,316],"tags":[],"class_list":["post-23328","post","type-post","status-publish","format-standard","has-post-thumbnail","hentry","category-4x4-fr","category-4x4-it","category-4x4"],"yoast_head":"<!-- This site is optimized with the Yoast SEO plugin v27.4 - https:\/\/yoast.com\/product\/yoast-seo-wordpress\/ -->\n<title>Dunes et solidarit\u00e9: les Massoutier au FenekRally Spring 2026 - FenekRally<\/title>\n<meta name=\"robots\" content=\"index, follow, max-snippet:-1, max-image-preview:large, max-video-preview:-1\" \/>\n<link rel=\"canonical\" href=\"https:\/\/fenekrally.com\/fr\/dunas-y-solidaridad-los-massoutier-en-el-fenekrally-spring-2026\/\" \/>\n<meta property=\"og:locale\" content=\"fr_FR\" \/>\n<meta property=\"og:type\" content=\"article\" \/>\n<meta property=\"og:title\" content=\"Dunes et solidarit\u00e9: les Massoutier au FenekRally Spring 2026 - FenekRally\" \/>\n<meta property=\"og:description\" content=\"Virginie et Pascal dans le d\u00e9sert du Maroc avec leur Toyota HDJ100 pour unemission solidaire Il existe des histoires qui vont bien au-del\u00e0 de la simple passion pour l\u2019off-road. Deshistoires qui parlent de complicit\u00e9 et de d\u00e9fi, mais aussi de valeurs profondes. C\u2019est le casde Virginie et Pascal Massoutier, couple fran\u00e7ais originaire de Lagrave, dans [&hellip;]\" \/>\n<meta property=\"og:url\" content=\"https:\/\/fenekrally.com\/fr\/dunas-y-solidaridad-los-massoutier-en-el-fenekrally-spring-2026\/\" \/>\n<meta property=\"og:site_name\" content=\"FenekRally\" \/>\n<meta property=\"article:published_time\" content=\"2026-04-27T16:57:48+00:00\" \/>\n<meta property=\"article:modified_time\" content=\"2026-04-27T17:17:25+00:00\" \/>\n<meta property=\"og:image\" content=\"https:\/\/fenekrally.com\/wp-content\/uploads\/2026\/04\/Toyota-HDJ100_Massoutier.jpg\" \/>\n\t<meta property=\"og:image:width\" content=\"2540\" \/>\n\t<meta property=\"og:image:height\" content=\"1600\" \/>\n\t<meta property=\"og:image:type\" content=\"image\/jpeg\" \/>\n<meta name=\"author\" content=\"German\" \/>\n<meta name=\"twitter:card\" content=\"summary_large_image\" \/>\n<meta name=\"twitter:label1\" content=\"\u00c9crit par\" \/>\n\t<meta name=\"twitter:data1\" content=\"German\" \/>\n\t<meta name=\"twitter:label2\" content=\"Dur\u00e9e de lecture estim\u00e9e\" \/>\n\t<meta name=\"twitter:data2\" content=\"3 minutes\" \/>\n<script type=\"application\/ld+json\" class=\"yoast-schema-graph\">{\"@context\":\"https:\\\/\\\/schema.org\",\"@graph\":[{\"@type\":\"Article\",\"@id\":\"https:\\\/\\\/fenekrally.com\\\/fr\\\/dunas-y-solidaridad-los-massoutier-en-el-fenekrally-spring-2026\\\/#article\",\"isPartOf\":{\"@id\":\"https:\\\/\\\/fenekrally.com\\\/fr\\\/dunas-y-solidaridad-los-massoutier-en-el-fenekrally-spring-2026\\\/\"},\"author\":{\"name\":\"German\",\"@id\":\"https:\\\/\\\/fenekrally.com\\\/fr\\\/#\\\/schema\\\/person\\\/7565d92364b691c5b32aeffe0c1ea779\"},\"headline\":\"Dunes et solidarit\u00e9: les Massoutier au FenekRally Spring 2026\",\"datePublished\":\"2026-04-27T16:57:48+00:00\",\"dateModified\":\"2026-04-27T17:17:25+00:00\",\"mainEntityOfPage\":{\"@id\":\"https:\\\/\\\/fenekrally.com\\\/fr\\\/dunas-y-solidaridad-los-massoutier-en-el-fenekrally-spring-2026\\\/\"},\"wordCount\":691,\"image\":{\"@id\":\"https:\\\/\\\/fenekrally.com\\\/fr\\\/dunas-y-solidaridad-los-massoutier-en-el-fenekrally-spring-2026\\\/#primaryimage\"},\"thumbnailUrl\":\"https:\\\/\\\/fenekrally.com\\\/wp-content\\\/uploads\\\/2026\\\/04\\\/Toyota-HDJ100_Massoutier.jpg\",\"articleSection\":[\"4&#215;4\",\"4&#215;4\",\"4x4\"],\"inLanguage\":\"fr-FR\"},{\"@type\":\"WebPage\",\"@id\":\"https:\\\/\\\/fenekrally.com\\\/fr\\\/dunas-y-solidaridad-los-massoutier-en-el-fenekrally-spring-2026\\\/\",\"url\":\"https:\\\/\\\/fenekrally.com\\\/fr\\\/dunas-y-solidaridad-los-massoutier-en-el-fenekrally-spring-2026\\\/\",\"name\":\"Dunes et solidarit\u00e9: les Massoutier au FenekRally Spring 2026 - FenekRally\",\"isPartOf\":{\"@id\":\"https:\\\/\\\/fenekrally.com\\\/fr\\\/#website\"},\"primaryImageOfPage\":{\"@id\":\"https:\\\/\\\/fenekrally.com\\\/fr\\\/dunas-y-solidaridad-los-massoutier-en-el-fenekrally-spring-2026\\\/#primaryimage\"},\"image\":{\"@id\":\"https:\\\/\\\/fenekrally.com\\\/fr\\\/dunas-y-solidaridad-los-massoutier-en-el-fenekrally-spring-2026\\\/#primaryimage\"},\"thumbnailUrl\":\"https:\\\/\\\/fenekrally.com\\\/wp-content\\\/uploads\\\/2026\\\/04\\\/Toyota-HDJ100_Massoutier.jpg\",\"datePublished\":\"2026-04-27T16:57:48+00:00\",\"dateModified\":\"2026-04-27T17:17:25+00:00\",\"author\":{\"@id\":\"https:\\\/\\\/fenekrally.com\\\/fr\\\/#\\\/schema\\\/person\\\/7565d92364b691c5b32aeffe0c1ea779\"},\"inLanguage\":\"fr-FR\",\"potentialAction\":[{\"@type\":\"ReadAction\",\"target\":[\"https:\\\/\\\/fenekrally.com\\\/fr\\\/dunas-y-solidaridad-los-massoutier-en-el-fenekrally-spring-2026\\\/\"]}]},{\"@type\":\"ImageObject\",\"inLanguage\":\"fr-FR\",\"@id\":\"https:\\\/\\\/fenekrally.com\\\/fr\\\/dunas-y-solidaridad-los-massoutier-en-el-fenekrally-spring-2026\\\/#primaryimage\",\"url\":\"https:\\\/\\\/fenekrally.com\\\/wp-content\\\/uploads\\\/2026\\\/04\\\/Toyota-HDJ100_Massoutier.jpg\",\"contentUrl\":\"https:\\\/\\\/fenekrally.com\\\/wp-content\\\/uploads\\\/2026\\\/04\\\/Toyota-HDJ100_Massoutier.jpg\",\"width\":2540,\"height\":1600,\"caption\":\"Screenshot\"},{\"@type\":\"WebSite\",\"@id\":\"https:\\\/\\\/fenekrally.com\\\/fr\\\/#website\",\"url\":\"https:\\\/\\\/fenekrally.com\\\/fr\\\/\",\"name\":\"FenekRally\",\"description\":\"Rally Raid in Morocco\",\"potentialAction\":[{\"@type\":\"SearchAction\",\"target\":{\"@type\":\"EntryPoint\",\"urlTemplate\":\"https:\\\/\\\/fenekrally.com\\\/fr\\\/?s={search_term_string}\"},\"query-input\":{\"@type\":\"PropertyValueSpecification\",\"valueRequired\":true,\"valueName\":\"search_term_string\"}}],\"inLanguage\":\"fr-FR\"},{\"@type\":\"Person\",\"@id\":\"https:\\\/\\\/fenekrally.com\\\/fr\\\/#\\\/schema\\\/person\\\/7565d92364b691c5b32aeffe0c1ea779\",\"name\":\"German\",\"image\":{\"@type\":\"ImageObject\",\"inLanguage\":\"fr-FR\",\"@id\":\"https:\\\/\\\/fenekrally.com\\\/wp-content\\\/litespeed\\\/avatar\\\/853cd2c0ee146008bb586136c924e4dc.jpg?ver=1777083241\",\"url\":\"https:\\\/\\\/fenekrally.com\\\/wp-content\\\/litespeed\\\/avatar\\\/853cd2c0ee146008bb586136c924e4dc.jpg?ver=1777083241\",\"contentUrl\":\"https:\\\/\\\/fenekrally.com\\\/wp-content\\\/litespeed\\\/avatar\\\/853cd2c0ee146008bb586136c924e4dc.jpg?ver=1777083241\",\"caption\":\"German\"},\"url\":\"https:\\\/\\\/fenekrally.com\\\/fr\\\/author\\\/german\\\/\"}]}<\/script>\n<!-- \/ Yoast SEO plugin. -->","yoast_head_json":{"title":"Dunes et solidarit\u00e9: les Massoutier au FenekRally Spring 2026 - FenekRally","robots":{"index":"index","follow":"follow","max-snippet":"max-snippet:-1","max-image-preview":"max-image-preview:large","max-video-preview":"max-video-preview:-1"},"canonical":"https:\/\/fenekrally.com\/fr\/dunas-y-solidaridad-los-massoutier-en-el-fenekrally-spring-2026\/","og_locale":"fr_FR","og_type":"article","og_title":"Dunes et solidarit\u00e9: les Massoutier au FenekRally Spring 2026 - FenekRally","og_description":"Virginie et Pascal dans le d\u00e9sert du Maroc avec leur Toyota HDJ100 pour unemission solidaire Il existe des histoires qui vont bien au-del\u00e0 de la simple passion pour l\u2019off-road. Deshistoires qui parlent de complicit\u00e9 et de d\u00e9fi, mais aussi de valeurs profondes. C\u2019est le casde Virginie et Pascal Massoutier, couple fran\u00e7ais originaire de Lagrave, dans [&hellip;]","og_url":"https:\/\/fenekrally.com\/fr\/dunas-y-solidaridad-los-massoutier-en-el-fenekrally-spring-2026\/","og_site_name":"FenekRally","article_published_time":"2026-04-27T16:57:48+00:00","article_modified_time":"2026-04-27T17:17:25+00:00","og_image":[{"width":2540,"height":1600,"url":"https:\/\/fenekrally.com\/wp-content\/uploads\/2026\/04\/Toyota-HDJ100_Massoutier.jpg","type":"image\/jpeg"}],"author":"German","twitter_card":"summary_large_image","twitter_misc":{"\u00c9crit par":"German","Dur\u00e9e de lecture estim\u00e9e":"3 minutes"},"schema":{"@context":"https:\/\/schema.org","@graph":[{"@type":"Article","@id":"https:\/\/fenekrally.com\/fr\/dunas-y-solidaridad-los-massoutier-en-el-fenekrally-spring-2026\/#article","isPartOf":{"@id":"https:\/\/fenekrally.com\/fr\/dunas-y-solidaridad-los-massoutier-en-el-fenekrally-spring-2026\/"},"author":{"name":"German","@id":"https:\/\/fenekrally.com\/fr\/#\/schema\/person\/7565d92364b691c5b32aeffe0c1ea779"},"headline":"Dunes et solidarit\u00e9: les Massoutier au FenekRally Spring 2026","datePublished":"2026-04-27T16:57:48+00:00","dateModified":"2026-04-27T17:17:25+00:00","mainEntityOfPage":{"@id":"https:\/\/fenekrally.com\/fr\/dunas-y-solidaridad-los-massoutier-en-el-fenekrally-spring-2026\/"},"wordCount":691,"image":{"@id":"https:\/\/fenekrally.com\/fr\/dunas-y-solidaridad-los-massoutier-en-el-fenekrally-spring-2026\/#primaryimage"},"thumbnailUrl":"https:\/\/fenekrally.com\/wp-content\/uploads\/2026\/04\/Toyota-HDJ100_Massoutier.jpg","articleSection":["4&#215;4","4&#215;4","4x4"],"inLanguage":"fr-FR"},{"@type":"WebPage","@id":"https:\/\/fenekrally.com\/fr\/dunas-y-solidaridad-los-massoutier-en-el-fenekrally-spring-2026\/","url":"https:\/\/fenekrally.com\/fr\/dunas-y-solidaridad-los-massoutier-en-el-fenekrally-spring-2026\/","name":"Dunes et solidarit\u00e9: les Massoutier au FenekRally Spring 2026 - FenekRally","isPartOf":{"@id":"https:\/\/fenekrally.com\/fr\/#website"},"primaryImageOfPage":{"@id":"https:\/\/fenekrally.com\/fr\/dunas-y-solidaridad-los-massoutier-en-el-fenekrally-spring-2026\/#primaryimage"},"image":{"@id":"https:\/\/fenekrally.com\/fr\/dunas-y-solidaridad-los-massoutier-en-el-fenekrally-spring-2026\/#primaryimage"},"thumbnailUrl":"https:\/\/fenekrally.com\/wp-content\/uploads\/2026\/04\/Toyota-HDJ100_Massoutier.jpg","datePublished":"2026-04-27T16:57:48+00:00","dateModified":"2026-04-27T17:17:25+00:00","author":{"@id":"https:\/\/fenekrally.com\/fr\/#\/schema\/person\/7565d92364b691c5b32aeffe0c1ea779"},"inLanguage":"fr-FR","potentialAction":[{"@type":"ReadAction","target":["https:\/\/fenekrally.com\/fr\/dunas-y-solidaridad-los-massoutier-en-el-fenekrally-spring-2026\/"]}]},{"@type":"ImageObject","inLanguage":"fr-FR","@id":"https:\/\/fenekrally.com\/fr\/dunas-y-solidaridad-los-massoutier-en-el-fenekrally-spring-2026\/#primaryimage","url":"https:\/\/fenekrally.com\/wp-content\/uploads\/2026\/04\/Toyota-HDJ100_Massoutier.jpg","contentUrl":"https:\/\/fenekrally.com\/wp-content\/uploads\/2026\/04\/Toyota-HDJ100_Massoutier.jpg","width":2540,"height":1600,"caption":"Screenshot"},{"@type":"WebSite","@id":"https:\/\/fenekrally.com\/fr\/#website","url":"https:\/\/fenekrally.com\/fr\/","name":"FenekRally","description":"Rally Raid in Morocco","potentialAction":[{"@type":"SearchAction","target":{"@type":"EntryPoint","urlTemplate":"https:\/\/fenekrally.com\/fr\/?s={search_term_string}"},"query-input":{"@type":"PropertyValueSpecification","valueRequired":true,"valueName":"search_term_string"}}],"inLanguage":"fr-FR"},{"@type":"Person","@id":"https:\/\/fenekrally.com\/fr\/#\/schema\/person\/7565d92364b691c5b32aeffe0c1ea779","name":"German","image":{"@type":"ImageObject","inLanguage":"fr-FR","@id":"https:\/\/fenekrally.com\/wp-content\/litespeed\/avatar\/853cd2c0ee146008bb586136c924e4dc.jpg?ver=1777083241","url":"https:\/\/fenekrally.com\/wp-content\/litespeed\/avatar\/853cd2c0ee146008bb586136c924e4dc.jpg?ver=1777083241","contentUrl":"https:\/\/fenekrally.com\/wp-content\/litespeed\/avatar\/853cd2c0ee146008bb586136c924e4dc.jpg?ver=1777083241","caption":"German"},"url":"https:\/\/fenekrally.com\/fr\/author\/german\/"}]}},"_links":{"self":[{"href":"https:\/\/fenekrally.com\/fr\/wp-json\/wp\/v2\/posts\/23328","targetHints":{"allow":["GET"]}}],"collection":[{"href":"https:\/\/fenekrally.com\/fr\/wp-json\/wp\/v2\/posts"}],"about":[{"href":"https:\/\/fenekrally.com\/fr\/wp-json\/wp\/v2\/types\/post"}],"author":[{"embeddable":true,"href":"https:\/\/fenekrally.com\/fr\/wp-json\/wp\/v2\/users\/5"}],"replies":[{"embeddable":true,"href":"https:\/\/fenekrally.com\/fr\/wp-json\/wp\/v2\/comments?post=23328"}],"version-history":[{"count":6,"href":"https:\/\/fenekrally.com\/fr\/wp-json\/wp\/v2\/posts\/23328\/revisions"}],"predecessor-version":[{"id":23350,"href":"https:\/\/fenekrally.com\/fr\/wp-json\/wp\/v2\/posts\/23328\/revisions\/23350"}],"wp:featuredmedia":[{"embeddable":true,"href":"https:\/\/fenekrally.com\/fr\/wp-json\/wp\/v2\/media\/23330"}],"wp:attachment":[{"href":"https:\/\/fenekrally.com\/fr\/wp-json\/wp\/v2\/media?parent=23328"}],"wp:term":[{"taxonomy":"category","embeddable":true,"href":"https:\/\/fenekrally.com\/fr\/wp-json\/wp\/v2\/categories?post=23328"},{"taxonomy":"post_tag","embeddable":true,"href":"https:\/\/fenekrally.com\/fr\/wp-json\/wp\/v2\/tags?post=23328"}],"curies":[{"name":"wp","href":"https:\/\/api.w.org\/{rel}","templated":true}]}}