{"id":14378,"date":"2024-10-03T09:46:55","date_gmt":"2024-10-03T08:46:55","guid":{"rendered":"https:\/\/fenekrally.com\/?p=14378"},"modified":"2024-10-03T09:46:55","modified_gmt":"2024-10-03T08:46:55","slug":"raid-il-toyota-di-altitude-racing-al-fenekrally","status":"publish","type":"post","link":"https:\/\/fenekrally.com\/it\/raid-il-toyota-di-altitude-racing-al-fenekrally\/","title":{"rendered":"Raid, il Toyota di Altitude Racing al FenekRally"},"content":{"rendered":"\n<p class=\"has-medium-font-size\"><strong>I francesi Alexandre Jonch\u00e8re e Fabien Rouvre, su Land Cruiser, saranno allo start del rally al via il prossimo 5 ottobre<\/strong><\/p>\n\n\n\n<p>Motore di serie, telaio rinforzato e serbatoio carburante maggiorato: questo l\u2019identikit del Toyota Land Cruiser del team&nbsp;<strong>Altitude Racing<\/strong>&nbsp;che scender\u00e0 in pista il 5 ottobre, sulla linea di partenza della nuova edizione del FenekRally, il rally-raid organizzato dal dakariano Lluis Rosa.<\/p>\n\n\n\n<figure class=\"wp-block-image size-large\"><img fetchpriority=\"high\" decoding=\"async\" width=\"1024\" height=\"732\" src=\"https:\/\/fenekrally.com\/wp-content\/uploads\/2024\/10\/Alex-Jonchere-e-Fabien-Rouvre-1024x732.jpg\" alt=\"\" class=\"wp-image-14379\" srcset=\"https:\/\/fenekrally.com\/wp-content\/uploads\/2024\/10\/Alex-Jonchere-e-Fabien-Rouvre-1024x732.jpg 1024w, https:\/\/fenekrally.com\/wp-content\/uploads\/2024\/10\/Alex-Jonchere-e-Fabien-Rouvre-600x429.jpg 600w, https:\/\/fenekrally.com\/wp-content\/uploads\/2024\/10\/Alex-Jonchere-e-Fabien-Rouvre-300x215.jpg 300w, https:\/\/fenekrally.com\/wp-content\/uploads\/2024\/10\/Alex-Jonchere-e-Fabien-Rouvre-768x549.jpg 768w, https:\/\/fenekrally.com\/wp-content\/uploads\/2024\/10\/Alex-Jonchere-e-Fabien-Rouvre.jpg 1060w\" sizes=\"(max-width: 1024px) 100vw, 1024px\" \/><figcaption class=\"wp-element-caption\">Screenshot<\/figcaption><\/figure>\n\n\n\n<p><strong>Alexandre Jonch\u00e8re<\/strong>, pilota,&nbsp;<strong>e Fabien Rouvre<\/strong>, navigatore, 45 e 36 anni, saranno a bordo del&nbsp;<strong>Toyota Land Cruiser&nbsp;<\/strong>preparato per affrontare le competizioni motoristiche su percorsi all terrain. Perch\u00e9 avete scelto di iscrivervi al FenekRally?&nbsp;<em>\u201cCon Fabien vogliamo perfezionarci nella guida e nella navigazione mettendoci alla prova in competizioni come il Fenek in vista di prossimi eventi cui ci piacerebbe partecipare, come l\u2019Africa Eco Race&nbsp;<\/em>-racconta Alexandre, nella vita di tutti i giorni commerciante di Annecy, Alta Savoia \u2013<em>\u00c8 un bel rally, con ambiente famigliare ma allo stesso competitivo. Siamo sicuri sar\u00e0 un\u2019esperienza interessante che ci permetter\u00e0 di migliorare le nostre abilit\u00e0 oltre che rafforzare l\u2019affiatamento pilota-copilota all\u2019interno dell\u2019abitacolo del Toyota\u201d.<\/em><\/p>\n\n\n\n<p>Al FenekRally avete gi\u00e0 partecipato nel 2023 (in realt\u00e0 solo Alexandre su un Bowler) cos\u00ec come ad altri rally-raid africani: cosa vi aspettate da questa nuova avventura?&nbsp;<em>\u201cS\u00ec, abbiamo gi\u00e0 preso parte ad altri eventi offroad sia in quad che in auto: l\u2019ultimo, in ordine di tempo, \u00e8 stato il Morocco Sand Express L\u2019Oasis nel mese di maggio dove abbiamo conquistato un prezioso terzo piazzamento nella categoria 4\u00d74, di cui siamo molto orgogliosi&nbsp;<\/em>-commentano Alexandre e Fabien (titolare, quest\u2019ultimo, di un\u2019officina Peugeot Citroen a Tours, nella Turenna) \u2013&nbsp;<em>Con entusiasmo abbiamo deciso di tornare quest\u2019anno sugli sterrati marocchini del FenekRally a bordo del Toyota Land Cruiser. L\u2019obiettivo? Fare un buon risultato in 4\u00d74!\u201d.<\/em><\/p>\n\n\n\n<p>Per seguire la squadra sportiva dilettantistica di Alexandre e Fabien: pagina Facebook Altitude Racing e&nbsp;<a href=\"https:\/\/www.altituderacing.fr\/\">w<\/a><a href=\"https:\/\/www.altituderacing.fr\/\" target=\"_blank\" rel=\"noreferrer noopener\">ww.altituderacing.fr<\/a><\/p>\n","protected":false},"excerpt":{"rendered":"<p>I francesi Alexandre Jonch\u00e8re e Fabien Rouvre, su Land Cruiser, saranno allo start del rally al via il prossimo 5 ottobre Motore di serie, telaio rinforzato e serbatoio carburante maggiorato: questo l\u2019identikit del Toyota Land Cruiser del team&nbsp;Altitude Racing&nbsp;che scender\u00e0 in pista il 5 ottobre, sulla linea di partenza della nuova edizione del FenekRally, il [&hellip;]<\/p>\n","protected":false},"author":5,"featured_media":14379,"comment_status":"closed","ping_status":"closed","sticky":false,"template":"","format":"standard","meta":{"footnotes":""},"categories":[144],"tags":[],"class_list":["post-14378","post","type-post","status-publish","format-standard","has-post-thumbnail","hentry","category-rally-raid-in-morocco"],"yoast_head":"<!-- This site is optimized with the Yoast SEO plugin v27.5 - https:\/\/yoast.com\/product\/yoast-seo-wordpress\/ -->\n<title>Raid, il Toyota di Altitude Racing al FenekRally - FenekRally<\/title>\n<meta name=\"robots\" content=\"index, follow, max-snippet:-1, max-image-preview:large, max-video-preview:-1\" \/>\n<link rel=\"canonical\" href=\"https:\/\/fenekrally.com\/it\/raid-il-toyota-di-altitude-racing-al-fenekrally\/\" \/>\n<meta property=\"og:locale\" content=\"it_IT\" \/>\n<meta property=\"og:type\" content=\"article\" \/>\n<meta property=\"og:title\" content=\"Raid, il Toyota di Altitude Racing al FenekRally - FenekRally\" \/>\n<meta property=\"og:description\" content=\"I francesi Alexandre Jonch\u00e8re e Fabien Rouvre, su Land Cruiser, saranno allo start del rally al via il prossimo 5 ottobre Motore di serie, telaio rinforzato e serbatoio carburante maggiorato: questo l\u2019identikit del Toyota Land Cruiser del team&nbsp;Altitude Racing&nbsp;che scender\u00e0 in pista il 5 ottobre, sulla linea di partenza della nuova edizione del FenekRally, il [&hellip;]\" \/>\n<meta property=\"og:url\" content=\"https:\/\/fenekrally.com\/it\/raid-il-toyota-di-altitude-racing-al-fenekrally\/\" \/>\n<meta property=\"og:site_name\" content=\"FenekRally\" \/>\n<meta property=\"article:published_time\" content=\"2024-10-03T08:46:55+00:00\" \/>\n<meta property=\"og:image\" content=\"https:\/\/fenekrally.com\/wp-content\/uploads\/2024\/10\/Alex-Jonchere-e-Fabien-Rouvre.jpg\" \/>\n\t<meta property=\"og:image:width\" content=\"1060\" \/>\n\t<meta property=\"og:image:height\" content=\"758\" \/>\n\t<meta property=\"og:image:type\" content=\"image\/jpeg\" \/>\n<meta name=\"author\" content=\"German\" \/>\n<meta name=\"twitter:card\" content=\"summary_large_image\" \/>\n<meta name=\"twitter:label1\" content=\"Scritto da\" \/>\n\t<meta name=\"twitter:data1\" content=\"German\" \/>\n\t<meta name=\"twitter:label2\" content=\"Tempo di lettura stimato\" \/>\n\t<meta name=\"twitter:data2\" content=\"2 minuti\" \/>\n<script type=\"application\/ld+json\" class=\"yoast-schema-graph\">{\"@context\":\"https:\\\/\\\/schema.org\",\"@graph\":[{\"@type\":\"Article\",\"@id\":\"https:\\\/\\\/fenekrally.com\\\/it\\\/raid-il-toyota-di-altitude-racing-al-fenekrally\\\/#article\",\"isPartOf\":{\"@id\":\"https:\\\/\\\/fenekrally.com\\\/it\\\/raid-il-toyota-di-altitude-racing-al-fenekrally\\\/\"},\"author\":{\"name\":\"German\",\"@id\":\"https:\\\/\\\/fenekrally.com\\\/it\\\/#\\\/schema\\\/person\\\/7565d92364b691c5b32aeffe0c1ea779\"},\"headline\":\"Raid, il Toyota di Altitude Racing al FenekRally\",\"datePublished\":\"2024-10-03T08:46:55+00:00\",\"mainEntityOfPage\":{\"@id\":\"https:\\\/\\\/fenekrally.com\\\/it\\\/raid-il-toyota-di-altitude-racing-al-fenekrally\\\/\"},\"wordCount\":330,\"image\":{\"@id\":\"https:\\\/\\\/fenekrally.com\\\/it\\\/raid-il-toyota-di-altitude-racing-al-fenekrally\\\/#primaryimage\"},\"thumbnailUrl\":\"https:\\\/\\\/fenekrally.com\\\/wp-content\\\/uploads\\\/2024\\\/10\\\/Alex-Jonchere-e-Fabien-Rouvre.jpg\",\"articleSection\":[\"Rally raid in Morocco\"],\"inLanguage\":\"it-IT\"},{\"@type\":\"WebPage\",\"@id\":\"https:\\\/\\\/fenekrally.com\\\/it\\\/raid-il-toyota-di-altitude-racing-al-fenekrally\\\/\",\"url\":\"https:\\\/\\\/fenekrally.com\\\/it\\\/raid-il-toyota-di-altitude-racing-al-fenekrally\\\/\",\"name\":\"Raid, il Toyota di Altitude Racing al FenekRally - FenekRally\",\"isPartOf\":{\"@id\":\"https:\\\/\\\/fenekrally.com\\\/it\\\/#website\"},\"primaryImageOfPage\":{\"@id\":\"https:\\\/\\\/fenekrally.com\\\/it\\\/raid-il-toyota-di-altitude-racing-al-fenekrally\\\/#primaryimage\"},\"image\":{\"@id\":\"https:\\\/\\\/fenekrally.com\\\/it\\\/raid-il-toyota-di-altitude-racing-al-fenekrally\\\/#primaryimage\"},\"thumbnailUrl\":\"https:\\\/\\\/fenekrally.com\\\/wp-content\\\/uploads\\\/2024\\\/10\\\/Alex-Jonchere-e-Fabien-Rouvre.jpg\",\"datePublished\":\"2024-10-03T08:46:55+00:00\",\"author\":{\"@id\":\"https:\\\/\\\/fenekrally.com\\\/it\\\/#\\\/schema\\\/person\\\/7565d92364b691c5b32aeffe0c1ea779\"},\"inLanguage\":\"it-IT\",\"potentialAction\":[{\"@type\":\"ReadAction\",\"target\":[\"https:\\\/\\\/fenekrally.com\\\/it\\\/raid-il-toyota-di-altitude-racing-al-fenekrally\\\/\"]}]},{\"@type\":\"ImageObject\",\"inLanguage\":\"it-IT\",\"@id\":\"https:\\\/\\\/fenekrally.com\\\/it\\\/raid-il-toyota-di-altitude-racing-al-fenekrally\\\/#primaryimage\",\"url\":\"https:\\\/\\\/fenekrally.com\\\/wp-content\\\/uploads\\\/2024\\\/10\\\/Alex-Jonchere-e-Fabien-Rouvre.jpg\",\"contentUrl\":\"https:\\\/\\\/fenekrally.com\\\/wp-content\\\/uploads\\\/2024\\\/10\\\/Alex-Jonchere-e-Fabien-Rouvre.jpg\",\"width\":1060,\"height\":758,\"caption\":\"Altitude Racing\"},{\"@type\":\"WebSite\",\"@id\":\"https:\\\/\\\/fenekrally.com\\\/it\\\/#website\",\"url\":\"https:\\\/\\\/fenekrally.com\\\/it\\\/\",\"name\":\"FenekRally\",\"description\":\"Rally Raid in Morocco\",\"potentialAction\":[{\"@type\":\"SearchAction\",\"target\":{\"@type\":\"EntryPoint\",\"urlTemplate\":\"https:\\\/\\\/fenekrally.com\\\/it\\\/?s={search_term_string}\"},\"query-input\":{\"@type\":\"PropertyValueSpecification\",\"valueRequired\":true,\"valueName\":\"search_term_string\"}}],\"inLanguage\":\"it-IT\"},{\"@type\":\"Person\",\"@id\":\"https:\\\/\\\/fenekrally.com\\\/it\\\/#\\\/schema\\\/person\\\/7565d92364b691c5b32aeffe0c1ea779\",\"name\":\"German\",\"image\":{\"@type\":\"ImageObject\",\"inLanguage\":\"it-IT\",\"@id\":\"https:\\\/\\\/fenekrally.com\\\/wp-content\\\/litespeed\\\/avatar\\\/853cd2c0ee146008bb586136c924e4dc.jpg?ver=1777083241\",\"url\":\"https:\\\/\\\/fenekrally.com\\\/wp-content\\\/litespeed\\\/avatar\\\/853cd2c0ee146008bb586136c924e4dc.jpg?ver=1777083241\",\"contentUrl\":\"https:\\\/\\\/fenekrally.com\\\/wp-content\\\/litespeed\\\/avatar\\\/853cd2c0ee146008bb586136c924e4dc.jpg?ver=1777083241\",\"caption\":\"German\"},\"url\":\"https:\\\/\\\/fenekrally.com\\\/it\\\/author\\\/german\\\/\"}]}<\/script>\n<!-- \/ Yoast SEO plugin. -->","yoast_head_json":{"title":"Raid, il Toyota di Altitude Racing al FenekRally - FenekRally","robots":{"index":"index","follow":"follow","max-snippet":"max-snippet:-1","max-image-preview":"max-image-preview:large","max-video-preview":"max-video-preview:-1"},"canonical":"https:\/\/fenekrally.com\/it\/raid-il-toyota-di-altitude-racing-al-fenekrally\/","og_locale":"it_IT","og_type":"article","og_title":"Raid, il Toyota di Altitude Racing al FenekRally - FenekRally","og_description":"I francesi Alexandre Jonch\u00e8re e Fabien Rouvre, su Land Cruiser, saranno allo start del rally al via il prossimo 5 ottobre Motore di serie, telaio rinforzato e serbatoio carburante maggiorato: questo l\u2019identikit del Toyota Land Cruiser del team&nbsp;Altitude Racing&nbsp;che scender\u00e0 in pista il 5 ottobre, sulla linea di partenza della nuova edizione del FenekRally, il [&hellip;]","og_url":"https:\/\/fenekrally.com\/it\/raid-il-toyota-di-altitude-racing-al-fenekrally\/","og_site_name":"FenekRally","article_published_time":"2024-10-03T08:46:55+00:00","og_image":[{"width":1060,"height":758,"url":"https:\/\/fenekrally.com\/wp-content\/uploads\/2024\/10\/Alex-Jonchere-e-Fabien-Rouvre.jpg","type":"image\/jpeg"}],"author":"German","twitter_card":"summary_large_image","twitter_misc":{"Scritto da":"German","Tempo di lettura stimato":"2 minuti"},"schema":{"@context":"https:\/\/schema.org","@graph":[{"@type":"Article","@id":"https:\/\/fenekrally.com\/it\/raid-il-toyota-di-altitude-racing-al-fenekrally\/#article","isPartOf":{"@id":"https:\/\/fenekrally.com\/it\/raid-il-toyota-di-altitude-racing-al-fenekrally\/"},"author":{"name":"German","@id":"https:\/\/fenekrally.com\/it\/#\/schema\/person\/7565d92364b691c5b32aeffe0c1ea779"},"headline":"Raid, il Toyota di Altitude Racing al FenekRally","datePublished":"2024-10-03T08:46:55+00:00","mainEntityOfPage":{"@id":"https:\/\/fenekrally.com\/it\/raid-il-toyota-di-altitude-racing-al-fenekrally\/"},"wordCount":330,"image":{"@id":"https:\/\/fenekrally.com\/it\/raid-il-toyota-di-altitude-racing-al-fenekrally\/#primaryimage"},"thumbnailUrl":"https:\/\/fenekrally.com\/wp-content\/uploads\/2024\/10\/Alex-Jonchere-e-Fabien-Rouvre.jpg","articleSection":["Rally raid in Morocco"],"inLanguage":"it-IT"},{"@type":"WebPage","@id":"https:\/\/fenekrally.com\/it\/raid-il-toyota-di-altitude-racing-al-fenekrally\/","url":"https:\/\/fenekrally.com\/it\/raid-il-toyota-di-altitude-racing-al-fenekrally\/","name":"Raid, il Toyota di Altitude Racing al FenekRally - FenekRally","isPartOf":{"@id":"https:\/\/fenekrally.com\/it\/#website"},"primaryImageOfPage":{"@id":"https:\/\/fenekrally.com\/it\/raid-il-toyota-di-altitude-racing-al-fenekrally\/#primaryimage"},"image":{"@id":"https:\/\/fenekrally.com\/it\/raid-il-toyota-di-altitude-racing-al-fenekrally\/#primaryimage"},"thumbnailUrl":"https:\/\/fenekrally.com\/wp-content\/uploads\/2024\/10\/Alex-Jonchere-e-Fabien-Rouvre.jpg","datePublished":"2024-10-03T08:46:55+00:00","author":{"@id":"https:\/\/fenekrally.com\/it\/#\/schema\/person\/7565d92364b691c5b32aeffe0c1ea779"},"inLanguage":"it-IT","potentialAction":[{"@type":"ReadAction","target":["https:\/\/fenekrally.com\/it\/raid-il-toyota-di-altitude-racing-al-fenekrally\/"]}]},{"@type":"ImageObject","inLanguage":"it-IT","@id":"https:\/\/fenekrally.com\/it\/raid-il-toyota-di-altitude-racing-al-fenekrally\/#primaryimage","url":"https:\/\/fenekrally.com\/wp-content\/uploads\/2024\/10\/Alex-Jonchere-e-Fabien-Rouvre.jpg","contentUrl":"https:\/\/fenekrally.com\/wp-content\/uploads\/2024\/10\/Alex-Jonchere-e-Fabien-Rouvre.jpg","width":1060,"height":758,"caption":"Altitude Racing"},{"@type":"WebSite","@id":"https:\/\/fenekrally.com\/it\/#website","url":"https:\/\/fenekrally.com\/it\/","name":"FenekRally","description":"Rally Raid in Morocco","potentialAction":[{"@type":"SearchAction","target":{"@type":"EntryPoint","urlTemplate":"https:\/\/fenekrally.com\/it\/?s={search_term_string}"},"query-input":{"@type":"PropertyValueSpecification","valueRequired":true,"valueName":"search_term_string"}}],"inLanguage":"it-IT"},{"@type":"Person","@id":"https:\/\/fenekrally.com\/it\/#\/schema\/person\/7565d92364b691c5b32aeffe0c1ea779","name":"German","image":{"@type":"ImageObject","inLanguage":"it-IT","@id":"https:\/\/fenekrally.com\/wp-content\/litespeed\/avatar\/853cd2c0ee146008bb586136c924e4dc.jpg?ver=1777083241","url":"https:\/\/fenekrally.com\/wp-content\/litespeed\/avatar\/853cd2c0ee146008bb586136c924e4dc.jpg?ver=1777083241","contentUrl":"https:\/\/fenekrally.com\/wp-content\/litespeed\/avatar\/853cd2c0ee146008bb586136c924e4dc.jpg?ver=1777083241","caption":"German"},"url":"https:\/\/fenekrally.com\/it\/author\/german\/"}]}},"_links":{"self":[{"href":"https:\/\/fenekrally.com\/it\/wp-json\/wp\/v2\/posts\/14378","targetHints":{"allow":["GET"]}}],"collection":[{"href":"https:\/\/fenekrally.com\/it\/wp-json\/wp\/v2\/posts"}],"about":[{"href":"https:\/\/fenekrally.com\/it\/wp-json\/wp\/v2\/types\/post"}],"author":[{"embeddable":true,"href":"https:\/\/fenekrally.com\/it\/wp-json\/wp\/v2\/users\/5"}],"replies":[{"embeddable":true,"href":"https:\/\/fenekrally.com\/it\/wp-json\/wp\/v2\/comments?post=14378"}],"version-history":[{"count":0,"href":"https:\/\/fenekrally.com\/it\/wp-json\/wp\/v2\/posts\/14378\/revisions"}],"wp:featuredmedia":[{"embeddable":true,"href":"https:\/\/fenekrally.com\/it\/wp-json\/wp\/v2\/media\/14379"}],"wp:attachment":[{"href":"https:\/\/fenekrally.com\/it\/wp-json\/wp\/v2\/media?parent=14378"}],"wp:term":[{"taxonomy":"category","embeddable":true,"href":"https:\/\/fenekrally.com\/it\/wp-json\/wp\/v2\/categories?post=14378"},{"taxonomy":"post_tag","embeddable":true,"href":"https:\/\/fenekrally.com\/it\/wp-json\/wp\/v2\/tags?post=14378"}],"curies":[{"name":"wp","href":"https:\/\/api.w.org\/{rel}","templated":true}]}}