{"id":23331,"date":"2026-04-27T17:57:48","date_gmt":"2026-04-27T16:57:48","guid":{"rendered":"https:\/\/fenekrally.com\/dunas-y-solidaridad-los-massoutier-en-el-fenekrally-spring-2026\/"},"modified":"2026-04-27T18:10:38","modified_gmt":"2026-04-27T17:10:38","slug":"dunas-y-solidaridad-los-massoutier-en-el-fenekrally-spring-2026","status":"publish","type":"post","link":"https:\/\/fenekrally.com\/it\/dunas-y-solidaridad-los-massoutier-en-el-fenekrally-spring-2026\/","title":{"rendered":"Dune e solidariet\u00e0: i Massoutier al FenekRally Spring 2026"},"content":{"rendered":"\n<h2 class=\"wp-block-heading\">Virginie and Pascal in the Moroccan desert with their Toyota HDJ100 for a charitable mission<\/h2>\n\n<p>Ci sono storie che vanno oltre la semplice passione per l\u2019off-road. Storie che parlano di<br\/>complicit\u00e0 e di sfida ma anche di valori profondi. \u00c8 il caso di Virginie e Pascal Massoutier,<br\/>coniugi francesi di Lagrave, nel dipartimento del Tarn in Occitania, pronti a prendere parte<br\/>al FenekRally Spring Edition di maggio, in categoria 4&#215;4 Overland.  <br\/><br\/>Lei, 54 anni, investigatrice giurata, e lui, 58 anni, imprenditore nel settore dell\u2019edilizia, non<br\/>sono nuovi al mondo dei rally-raid nel deserto. Hanno gi\u00e0 condiviso esperienze importanti<br\/>come la W\u2019Oman &amp; Man Aventura Cup (per due volte), costruendo nel tempo un\u2019intesa<br\/>solida, dentro e fuori dall\u2019abitacolo. Virginie \u00e8 scesa inoltre in pista anche al Troph\u00e9e<br\/>Roses des Andes 2017 (Bolivia e Cile), al Mongolie Aventura Cup 2018 e al Troph\u00e9e<br\/>Roses des Sables 2022 in Marocco.  <\/p>\n\n<figure class=\"wp-block-image size-large\"><img fetchpriority=\"high\" decoding=\"async\" width=\"1024\" height=\"602\" src=\"https:\/\/fenekrally.com\/wp-content\/uploads\/2026\/04\/Toyota-HDJ100-Massoutier-1024x602.jpg\" alt=\"\" class=\"wp-image-23316\" srcset=\"https:\/\/fenekrally.com\/wp-content\/uploads\/2026\/04\/Toyota-HDJ100-Massoutier-1024x602.jpg 1024w, https:\/\/fenekrally.com\/wp-content\/uploads\/2026\/04\/Toyota-HDJ100-Massoutier-300x176.jpg 300w, https:\/\/fenekrally.com\/wp-content\/uploads\/2026\/04\/Toyota-HDJ100-Massoutier-768x451.jpg 768w, https:\/\/fenekrally.com\/wp-content\/uploads\/2026\/04\/Toyota-HDJ100-Massoutier-1536x902.jpg 1536w, https:\/\/fenekrally.com\/wp-content\/uploads\/2026\/04\/Toyota-HDJ100-Massoutier-2048x1203.jpg 2048w, https:\/\/fenekrally.com\/wp-content\/uploads\/2026\/04\/Toyota-HDJ100-Massoutier-600x352.jpg 600w\" sizes=\"(max-width: 1024px) 100vw, 1024px\" \/><figcaption class=\"wp-element-caption\">Screenshot<\/figcaption><\/figure>\n\n<p><br\/>\u201cCercavamo un\u2019avventura diversa dalle precedenti, con un\u2019organizzazione differente. La<br\/>formula a margherita del FenekRally ci ha conquistati -raccontano- E poi speriamo di<br\/>incontrare altri equipaggi con la stessa mentalit\u00e0, con cui condividere serate, esperienze e<br\/>questa grande passione per il 4&#215;4\u201d. <br\/><br\/>Il loro approccio \u00e8 semplice ma efficace, fondato sulla collaborazione e sull\u2019ascolto<br\/>reciproco. Durante la gara non esistono ruoli rigidi: \u201cCi alterniamo in base al terreno:<br\/>Pascal si diverte sulle dune\u2026 quindi l\u00ec il volante \u00e8 tutto suo!\u201d dice Virginie con un sorriso.<br\/>Anche la strategia riflette il loro spirito: \u201cNon partire senza riflettere\u2026 ma soprattutto<br\/>divertirsi!\u201d. Un equilibrio tra prudenza e piacere dell\u2019avventura che rappresenta<br\/>perfettamente la filosofia Overland.  <br\/><br\/>A portarli tra le dune sar\u00e0 il loro fidato Toyota HDJ100, affettuosamente soprannominato<br\/>\u201cTabanas\u201d. \u201c\u00c8 diventato parte della famiglia -spiegano- Per il rally, abbiamo fatto eseguire<br\/>un check-up completo dal nostro meccanico di fiducia, controllando ogni singolo dettaglio<br\/>per affrontare le tappe del deserto con serenit\u00e0. Non abbiamo voluto stravolgerlo con<br\/>modifiche particolari, perch\u00e9 \u00e8 gi\u00e0 un mezzo estremamente affidabile e perfettamente<br\/>preparato per questo tipo di avventure\u201d.   <br\/><br\/>Ma per il Team Massou Family (#601) questa non \u00e8 solo una competizione sportiva. \u00c8<br\/>anche un progetto solidale, un modo per dare valore a ogni chilometro percorso. \u201cAbbiamo<br\/>deciso di legare questa partecipazione a un obiettivo umanitario molto importante per noi &#8211;<br\/>proseguono- Per ogni chilometro di prova speciale completato, sar\u00e0 donato 1 euro<br\/>all\u2019associazione \u20181313, Le marathon de Laurie\u2019. \u00c8 un modo per trasformare la gara in<br\/>qualcosa che va oltre noi stessi, per trovare una motivazione ancora pi\u00f9 forte nei momenti<br\/>difficili e arrivare sino in fondo con un significato pi\u00f9 profondo\u201d.  <br\/><br\/>Dietro questo impegno c\u2019\u00e8 infatti la storia di Laurie, una ragazza scomparsa a soli 21 anni<br\/>dopo 1313 lunghissimi giorni di lotta contro un grave tumore. \u201cLaurie \u00e8 una presenza che<br\/>continua a ispirarci \u2013 raccontano con commozione i coniugi Massoutier- Il suo coraggio, la<br\/>sua forza e il modo in cui ha affrontato la malattia sono per noi un esempio costante.<br\/>Vogliamo mantenerne vivo il ricordo, ma anche trasformarlo in aiuto concreto per altri\u201d. <\/p>\n\n<p>I fondi raccolti vengono destinati a strutture come l\u2019Oncopole Claudius Regaud di Tolosa e<br\/>l\u2019associazione Oscar\u2019s Angels, che hanno accompagnato Laurie durante il suo percorso<br\/>con cura e umanit\u00e0. Dal 2018 Virginie e Pascal sono parte attiva di questa iniziativa,<br\/>cresciuta anno dopo anno grazie alla partecipazione di sempre pi\u00f9 equipaggi e sostenitori.<br\/>Tra sabbia, navigazione e spirito di squadra, la loro presenza al FenekRally Spring andr\u00e0<br\/>oltre la semplice gara: sar\u00e0 un viaggio fatto di emozione e consapevolezza, dove ogni<br\/>tappa diventa un tassello di una storia pi\u00f9 grande. \u201cL\u2019importante \u00e8 arrivare\u2026 ma<br\/>soprattutto vivere ogni istante\u201d concludono Virginie e Pascal. <\/p>\n","protected":false},"excerpt":{"rendered":"<p>Virginie and Pascal in the Moroccan desert with their Toyota HDJ100 for a charitable mission Ci sono storie che vanno oltre la semplice passione per l\u2019off-road. Storie che parlano dicomplicit\u00e0 e di sfida ma anche di valori profondi. \u00c8 il caso di Virginie e Pascal Massoutier,coniugi francesi di Lagrave, nel dipartimento del Tarn in Occitania, [&hellip;]<\/p>\n","protected":false},"author":5,"featured_media":23333,"comment_status":"closed","ping_status":"closed","sticky":false,"template":"","format":"standard","meta":{"footnotes":""},"categories":[376,379,306],"tags":[],"class_list":["post-23331","post","type-post","status-publish","format-standard","has-post-thumbnail","hentry","category-4x4-fr","category-4x4-it","category-4x4"],"yoast_head":"<!-- This site is optimized with the Yoast SEO plugin v27.4 - https:\/\/yoast.com\/product\/yoast-seo-wordpress\/ -->\n<title>Dune e solidariet\u00e0: i Massoutier al FenekRally Spring 2026 - FenekRally<\/title>\n<meta name=\"robots\" content=\"index, follow, max-snippet:-1, max-image-preview:large, max-video-preview:-1\" \/>\n<link rel=\"canonical\" href=\"https:\/\/fenekrally.com\/it\/dunas-y-solidaridad-los-massoutier-en-el-fenekrally-spring-2026\/\" \/>\n<meta property=\"og:locale\" content=\"it_IT\" \/>\n<meta property=\"og:type\" content=\"article\" \/>\n<meta property=\"og:title\" content=\"Dune e solidariet\u00e0: i Massoutier al FenekRally Spring 2026 - FenekRally\" \/>\n<meta property=\"og:description\" content=\"Virginie and Pascal in the Moroccan desert with their Toyota HDJ100 for a charitable mission Ci sono storie che vanno oltre la semplice passione per l\u2019off-road. Storie che parlano dicomplicit\u00e0 e di sfida ma anche di valori profondi. \u00c8 il caso di Virginie e Pascal Massoutier,coniugi francesi di Lagrave, nel dipartimento del Tarn in Occitania, [&hellip;]\" \/>\n<meta property=\"og:url\" content=\"https:\/\/fenekrally.com\/it\/dunas-y-solidaridad-los-massoutier-en-el-fenekrally-spring-2026\/\" \/>\n<meta property=\"og:site_name\" content=\"FenekRally\" \/>\n<meta property=\"article:published_time\" content=\"2026-04-27T16:57:48+00:00\" \/>\n<meta property=\"article:modified_time\" content=\"2026-04-27T17:10:38+00:00\" \/>\n<meta property=\"og:image\" content=\"https:\/\/fenekrally.com\/wp-content\/uploads\/2026\/04\/Toyota-HDJ100_Massoutier.jpg\" \/>\n\t<meta property=\"og:image:width\" content=\"2540\" \/>\n\t<meta property=\"og:image:height\" content=\"1600\" \/>\n\t<meta property=\"og:image:type\" content=\"image\/jpeg\" \/>\n<meta name=\"author\" content=\"German\" \/>\n<meta name=\"twitter:card\" content=\"summary_large_image\" \/>\n<meta name=\"twitter:label1\" content=\"Scritto da\" \/>\n\t<meta name=\"twitter:data1\" content=\"German\" \/>\n\t<meta name=\"twitter:label2\" content=\"Tempo di lettura stimato\" \/>\n\t<meta name=\"twitter:data2\" content=\"3 minuti\" \/>\n<script type=\"application\/ld+json\" class=\"yoast-schema-graph\">{\"@context\":\"https:\\\/\\\/schema.org\",\"@graph\":[{\"@type\":\"Article\",\"@id\":\"https:\\\/\\\/fenekrally.com\\\/it\\\/dunas-y-solidaridad-los-massoutier-en-el-fenekrally-spring-2026\\\/#article\",\"isPartOf\":{\"@id\":\"https:\\\/\\\/fenekrally.com\\\/it\\\/dunas-y-solidaridad-los-massoutier-en-el-fenekrally-spring-2026\\\/\"},\"author\":{\"name\":\"German\",\"@id\":\"https:\\\/\\\/fenekrally.com\\\/it\\\/#\\\/schema\\\/person\\\/7565d92364b691c5b32aeffe0c1ea779\"},\"headline\":\"Dune e solidariet\u00e0: i Massoutier al FenekRally Spring 2026\",\"datePublished\":\"2026-04-27T16:57:48+00:00\",\"dateModified\":\"2026-04-27T17:10:38+00:00\",\"mainEntityOfPage\":{\"@id\":\"https:\\\/\\\/fenekrally.com\\\/it\\\/dunas-y-solidaridad-los-massoutier-en-el-fenekrally-spring-2026\\\/\"},\"wordCount\":571,\"image\":{\"@id\":\"https:\\\/\\\/fenekrally.com\\\/it\\\/dunas-y-solidaridad-los-massoutier-en-el-fenekrally-spring-2026\\\/#primaryimage\"},\"thumbnailUrl\":\"https:\\\/\\\/fenekrally.com\\\/wp-content\\\/uploads\\\/2026\\\/04\\\/Toyota-HDJ100_Massoutier.jpg\",\"articleSection\":[\"4&#215;4\",\"4&#215;4\",\"4x4\"],\"inLanguage\":\"it-IT\"},{\"@type\":\"WebPage\",\"@id\":\"https:\\\/\\\/fenekrally.com\\\/it\\\/dunas-y-solidaridad-los-massoutier-en-el-fenekrally-spring-2026\\\/\",\"url\":\"https:\\\/\\\/fenekrally.com\\\/it\\\/dunas-y-solidaridad-los-massoutier-en-el-fenekrally-spring-2026\\\/\",\"name\":\"Dune e solidariet\u00e0: i Massoutier al FenekRally Spring 2026 - FenekRally\",\"isPartOf\":{\"@id\":\"https:\\\/\\\/fenekrally.com\\\/it\\\/#website\"},\"primaryImageOfPage\":{\"@id\":\"https:\\\/\\\/fenekrally.com\\\/it\\\/dunas-y-solidaridad-los-massoutier-en-el-fenekrally-spring-2026\\\/#primaryimage\"},\"image\":{\"@id\":\"https:\\\/\\\/fenekrally.com\\\/it\\\/dunas-y-solidaridad-los-massoutier-en-el-fenekrally-spring-2026\\\/#primaryimage\"},\"thumbnailUrl\":\"https:\\\/\\\/fenekrally.com\\\/wp-content\\\/uploads\\\/2026\\\/04\\\/Toyota-HDJ100_Massoutier.jpg\",\"datePublished\":\"2026-04-27T16:57:48+00:00\",\"dateModified\":\"2026-04-27T17:10:38+00:00\",\"author\":{\"@id\":\"https:\\\/\\\/fenekrally.com\\\/it\\\/#\\\/schema\\\/person\\\/7565d92364b691c5b32aeffe0c1ea779\"},\"inLanguage\":\"it-IT\",\"potentialAction\":[{\"@type\":\"ReadAction\",\"target\":[\"https:\\\/\\\/fenekrally.com\\\/it\\\/dunas-y-solidaridad-los-massoutier-en-el-fenekrally-spring-2026\\\/\"]}]},{\"@type\":\"ImageObject\",\"inLanguage\":\"it-IT\",\"@id\":\"https:\\\/\\\/fenekrally.com\\\/it\\\/dunas-y-solidaridad-los-massoutier-en-el-fenekrally-spring-2026\\\/#primaryimage\",\"url\":\"https:\\\/\\\/fenekrally.com\\\/wp-content\\\/uploads\\\/2026\\\/04\\\/Toyota-HDJ100_Massoutier.jpg\",\"contentUrl\":\"https:\\\/\\\/fenekrally.com\\\/wp-content\\\/uploads\\\/2026\\\/04\\\/Toyota-HDJ100_Massoutier.jpg\",\"width\":2540,\"height\":1600,\"caption\":\"Screenshot\"},{\"@type\":\"WebSite\",\"@id\":\"https:\\\/\\\/fenekrally.com\\\/it\\\/#website\",\"url\":\"https:\\\/\\\/fenekrally.com\\\/it\\\/\",\"name\":\"FenekRally\",\"description\":\"Rally Raid in Morocco\",\"potentialAction\":[{\"@type\":\"SearchAction\",\"target\":{\"@type\":\"EntryPoint\",\"urlTemplate\":\"https:\\\/\\\/fenekrally.com\\\/it\\\/?s={search_term_string}\"},\"query-input\":{\"@type\":\"PropertyValueSpecification\",\"valueRequired\":true,\"valueName\":\"search_term_string\"}}],\"inLanguage\":\"it-IT\"},{\"@type\":\"Person\",\"@id\":\"https:\\\/\\\/fenekrally.com\\\/it\\\/#\\\/schema\\\/person\\\/7565d92364b691c5b32aeffe0c1ea779\",\"name\":\"German\",\"image\":{\"@type\":\"ImageObject\",\"inLanguage\":\"it-IT\",\"@id\":\"https:\\\/\\\/fenekrally.com\\\/wp-content\\\/litespeed\\\/avatar\\\/853cd2c0ee146008bb586136c924e4dc.jpg?ver=1777083241\",\"url\":\"https:\\\/\\\/fenekrally.com\\\/wp-content\\\/litespeed\\\/avatar\\\/853cd2c0ee146008bb586136c924e4dc.jpg?ver=1777083241\",\"contentUrl\":\"https:\\\/\\\/fenekrally.com\\\/wp-content\\\/litespeed\\\/avatar\\\/853cd2c0ee146008bb586136c924e4dc.jpg?ver=1777083241\",\"caption\":\"German\"},\"url\":\"https:\\\/\\\/fenekrally.com\\\/it\\\/author\\\/german\\\/\"}]}<\/script>\n<!-- \/ Yoast SEO plugin. -->","yoast_head_json":{"title":"Dune e solidariet\u00e0: i Massoutier al FenekRally Spring 2026 - FenekRally","robots":{"index":"index","follow":"follow","max-snippet":"max-snippet:-1","max-image-preview":"max-image-preview:large","max-video-preview":"max-video-preview:-1"},"canonical":"https:\/\/fenekrally.com\/it\/dunas-y-solidaridad-los-massoutier-en-el-fenekrally-spring-2026\/","og_locale":"it_IT","og_type":"article","og_title":"Dune e solidariet\u00e0: i Massoutier al FenekRally Spring 2026 - FenekRally","og_description":"Virginie and Pascal in the Moroccan desert with their Toyota HDJ100 for a charitable mission Ci sono storie che vanno oltre la semplice passione per l\u2019off-road. Storie che parlano dicomplicit\u00e0 e di sfida ma anche di valori profondi. \u00c8 il caso di Virginie e Pascal Massoutier,coniugi francesi di Lagrave, nel dipartimento del Tarn in Occitania, [&hellip;]","og_url":"https:\/\/fenekrally.com\/it\/dunas-y-solidaridad-los-massoutier-en-el-fenekrally-spring-2026\/","og_site_name":"FenekRally","article_published_time":"2026-04-27T16:57:48+00:00","article_modified_time":"2026-04-27T17:10:38+00:00","og_image":[{"width":2540,"height":1600,"url":"https:\/\/fenekrally.com\/wp-content\/uploads\/2026\/04\/Toyota-HDJ100_Massoutier.jpg","type":"image\/jpeg"}],"author":"German","twitter_card":"summary_large_image","twitter_misc":{"Scritto da":"German","Tempo di lettura stimato":"3 minuti"},"schema":{"@context":"https:\/\/schema.org","@graph":[{"@type":"Article","@id":"https:\/\/fenekrally.com\/it\/dunas-y-solidaridad-los-massoutier-en-el-fenekrally-spring-2026\/#article","isPartOf":{"@id":"https:\/\/fenekrally.com\/it\/dunas-y-solidaridad-los-massoutier-en-el-fenekrally-spring-2026\/"},"author":{"name":"German","@id":"https:\/\/fenekrally.com\/it\/#\/schema\/person\/7565d92364b691c5b32aeffe0c1ea779"},"headline":"Dune e solidariet\u00e0: i Massoutier al FenekRally Spring 2026","datePublished":"2026-04-27T16:57:48+00:00","dateModified":"2026-04-27T17:10:38+00:00","mainEntityOfPage":{"@id":"https:\/\/fenekrally.com\/it\/dunas-y-solidaridad-los-massoutier-en-el-fenekrally-spring-2026\/"},"wordCount":571,"image":{"@id":"https:\/\/fenekrally.com\/it\/dunas-y-solidaridad-los-massoutier-en-el-fenekrally-spring-2026\/#primaryimage"},"thumbnailUrl":"https:\/\/fenekrally.com\/wp-content\/uploads\/2026\/04\/Toyota-HDJ100_Massoutier.jpg","articleSection":["4&#215;4","4&#215;4","4x4"],"inLanguage":"it-IT"},{"@type":"WebPage","@id":"https:\/\/fenekrally.com\/it\/dunas-y-solidaridad-los-massoutier-en-el-fenekrally-spring-2026\/","url":"https:\/\/fenekrally.com\/it\/dunas-y-solidaridad-los-massoutier-en-el-fenekrally-spring-2026\/","name":"Dune e solidariet\u00e0: i Massoutier al FenekRally Spring 2026 - FenekRally","isPartOf":{"@id":"https:\/\/fenekrally.com\/it\/#website"},"primaryImageOfPage":{"@id":"https:\/\/fenekrally.com\/it\/dunas-y-solidaridad-los-massoutier-en-el-fenekrally-spring-2026\/#primaryimage"},"image":{"@id":"https:\/\/fenekrally.com\/it\/dunas-y-solidaridad-los-massoutier-en-el-fenekrally-spring-2026\/#primaryimage"},"thumbnailUrl":"https:\/\/fenekrally.com\/wp-content\/uploads\/2026\/04\/Toyota-HDJ100_Massoutier.jpg","datePublished":"2026-04-27T16:57:48+00:00","dateModified":"2026-04-27T17:10:38+00:00","author":{"@id":"https:\/\/fenekrally.com\/it\/#\/schema\/person\/7565d92364b691c5b32aeffe0c1ea779"},"inLanguage":"it-IT","potentialAction":[{"@type":"ReadAction","target":["https:\/\/fenekrally.com\/it\/dunas-y-solidaridad-los-massoutier-en-el-fenekrally-spring-2026\/"]}]},{"@type":"ImageObject","inLanguage":"it-IT","@id":"https:\/\/fenekrally.com\/it\/dunas-y-solidaridad-los-massoutier-en-el-fenekrally-spring-2026\/#primaryimage","url":"https:\/\/fenekrally.com\/wp-content\/uploads\/2026\/04\/Toyota-HDJ100_Massoutier.jpg","contentUrl":"https:\/\/fenekrally.com\/wp-content\/uploads\/2026\/04\/Toyota-HDJ100_Massoutier.jpg","width":2540,"height":1600,"caption":"Screenshot"},{"@type":"WebSite","@id":"https:\/\/fenekrally.com\/it\/#website","url":"https:\/\/fenekrally.com\/it\/","name":"FenekRally","description":"Rally Raid in Morocco","potentialAction":[{"@type":"SearchAction","target":{"@type":"EntryPoint","urlTemplate":"https:\/\/fenekrally.com\/it\/?s={search_term_string}"},"query-input":{"@type":"PropertyValueSpecification","valueRequired":true,"valueName":"search_term_string"}}],"inLanguage":"it-IT"},{"@type":"Person","@id":"https:\/\/fenekrally.com\/it\/#\/schema\/person\/7565d92364b691c5b32aeffe0c1ea779","name":"German","image":{"@type":"ImageObject","inLanguage":"it-IT","@id":"https:\/\/fenekrally.com\/wp-content\/litespeed\/avatar\/853cd2c0ee146008bb586136c924e4dc.jpg?ver=1777083241","url":"https:\/\/fenekrally.com\/wp-content\/litespeed\/avatar\/853cd2c0ee146008bb586136c924e4dc.jpg?ver=1777083241","contentUrl":"https:\/\/fenekrally.com\/wp-content\/litespeed\/avatar\/853cd2c0ee146008bb586136c924e4dc.jpg?ver=1777083241","caption":"German"},"url":"https:\/\/fenekrally.com\/it\/author\/german\/"}]}},"_links":{"self":[{"href":"https:\/\/fenekrally.com\/it\/wp-json\/wp\/v2\/posts\/23331","targetHints":{"allow":["GET"]}}],"collection":[{"href":"https:\/\/fenekrally.com\/it\/wp-json\/wp\/v2\/posts"}],"about":[{"href":"https:\/\/fenekrally.com\/it\/wp-json\/wp\/v2\/types\/post"}],"author":[{"embeddable":true,"href":"https:\/\/fenekrally.com\/it\/wp-json\/wp\/v2\/users\/5"}],"replies":[{"embeddable":true,"href":"https:\/\/fenekrally.com\/it\/wp-json\/wp\/v2\/comments?post=23331"}],"version-history":[{"count":5,"href":"https:\/\/fenekrally.com\/it\/wp-json\/wp\/v2\/posts\/23331\/revisions"}],"predecessor-version":[{"id":23341,"href":"https:\/\/fenekrally.com\/it\/wp-json\/wp\/v2\/posts\/23331\/revisions\/23341"}],"wp:featuredmedia":[{"embeddable":true,"href":"https:\/\/fenekrally.com\/it\/wp-json\/wp\/v2\/media\/23333"}],"wp:attachment":[{"href":"https:\/\/fenekrally.com\/it\/wp-json\/wp\/v2\/media?parent=23331"}],"wp:term":[{"taxonomy":"category","embeddable":true,"href":"https:\/\/fenekrally.com\/it\/wp-json\/wp\/v2\/categories?post=23331"},{"taxonomy":"post_tag","embeddable":true,"href":"https:\/\/fenekrally.com\/it\/wp-json\/wp\/v2\/tags?post=23331"}],"curies":[{"name":"wp","href":"https:\/\/api.w.org\/{rel}","templated":true}]}}